{"id":96899,"date":"2025-12-01T07:11:25","date_gmt":"2025-12-01T13:11:25","guid":{"rendered":"https:\/\/elinformante.mx\/?p=96899"},"modified":"2025-12-01T07:11:29","modified_gmt":"2025-12-01T13:11:29","slug":"iniciara-esta-semana-proceso-para-nombrar-al-nuevo-titular-de-la-fgr-senado","status":"publish","type":"post","link":"https:\/\/elinformante.mx\/?p=96899","title":{"rendered":"Iniciar\u00e1 esta semana proceso para nombrar al nuevo titular de la FGR: Senado"},"content":{"rendered":"\n<figure class=\"wp-block-pullquote\"><blockquote><p>-La lista contar\u00e1 con 10 nombres que los legisladores enviar\u00e1n a la presidenta, quien elegir\u00e1 a tres de ellos.<\/p><\/blockquote><\/figure>\n\n\n\n<p class=\"has-drop-cap\">La presidenta del Senado de la Rep\u00fablica, Laura Itzel Castillo, anunci\u00f3 que el proceso para nombrar al nuevo titular de la Fiscal\u00eda General de la Rep\u00fablica (FGR) se llevar\u00e1 a cabo a lo largo de la pr\u00f3xima semana.<br><\/p>\n\n\n\n<p>Mediante un video en redes sociales, detalla el proceso de designaci\u00f3n luego de la salida de Alejandro Gertz Manero del cargo.<br><\/p>\n\n\n\n<p>El proceso comienza con el env\u00edo de una lista de 10 candidatos a la titular del Ejecutivo, Claudia Sheinbaum Pardo, donde elegir\u00e1 de entre los nombres de tres candidatos.<br><\/p>\n\n\n\n<p>Para despu\u00e9s, el Senado citar a los aspirantes a comparecencias presenciales, donde se determinar\u00e1 qui\u00e9n de ellos ocupar\u00e1 la titularidad de la FGR.<br><\/p>\n\n\n\n<p>Ernestina Godoy Ramos asumi\u00f3 la titularidad de la Fiscal\u00eda General de la Rep\u00fablica en calidad de encargada de despacho el pasado viernes. Esto ocurri\u00f3 despu\u00e9s de que Alejandro Gertz Manero dejara el cargo para aceptar la invitaci\u00f3n de la presidenta Sheinbaum Pardo de ocupar una embajada.<br><\/p>\n\n\n\n<p>Antes de su salida, Gertz Manero nombr\u00f3 a Ernestina Godoy como titular de la Fiscal\u00eda Especial de Control de Competencia, lo que permiti\u00f3 asumir la responsabilidad de encabezar la instituci\u00f3n responsable de la procuraci\u00f3n de justicia en el pa\u00eds.<br><\/p>\n\n\n\n<p>Godoy agradeci\u00f3 a trav\u00e9s de redes sociales a la mandataria federal la confianza que le ha brindado para ocupar diversos cargos p\u00fablicos relacionados con la procuraci\u00f3n de justicia.<\/p>\n","protected":false},"excerpt":{"rendered":"<p>-La lista contar\u00e1 con 10 nombres que los legisladores enviar\u00e1n a la presidenta, quien elegir\u00e1 a tres de ellos. La presidenta del Senado de la Rep\u00fablica, Laura Itzel Castillo, anunci\u00f3 que el proceso para nombrar al nuevo titular de la Fiscal\u00eda General de la Rep\u00fablica (FGR) se llevar\u00e1 a cabo a lo largo de la [&hellip;]<\/p>\n","protected":false},"author":1,"featured_media":96901,"comment_status":"closed","ping_status":"closed","sticky":false,"template":"","format":"standard","meta":{"footnotes":""},"categories":[30,34,31],"tags":[],"class_list":["post-96899","post","type-post","status-publish","format-standard","has-post-thumbnail","hentry","category-destacado","category-nacional","category-portada"],"_links":{"self":[{"href":"https:\/\/elinformante.mx\/index.php?rest_route=\/wp\/v2\/posts\/96899","targetHints":{"allow":["GET"]}}],"collection":[{"href":"https:\/\/elinformante.mx\/index.php?rest_route=\/wp\/v2\/posts"}],"about":[{"href":"https:\/\/elinformante.mx\/index.php?rest_route=\/wp\/v2\/types\/post"}],"author":[{"embeddable":true,"href":"https:\/\/elinformante.mx\/index.php?rest_route=\/wp\/v2\/users\/1"}],"replies":[{"embeddable":true,"href":"https:\/\/elinformante.mx\/index.php?rest_route=%2Fwp%2Fv2%2Fcomments&post=96899"}],"version-history":[{"count":0,"href":"https:\/\/elinformante.mx\/index.php?rest_route=\/wp\/v2\/posts\/96899\/revisions"}],"wp:featuredmedia":[{"embeddable":true,"href":"https:\/\/elinformante.mx\/index.php?rest_route=\/wp\/v2\/media\/96901"}],"wp:attachment":[{"href":"https:\/\/elinformante.mx\/index.php?rest_route=%2Fwp%2Fv2%2Fmedia&parent=96899"}],"wp:term":[{"taxonomy":"category","embeddable":true,"href":"https:\/\/elinformante.mx\/index.php?rest_route=%2Fwp%2Fv2%2Fcategories&post=96899"},{"taxonomy":"post_tag","embeddable":true,"href":"https:\/\/elinformante.mx\/index.php?rest_route=%2Fwp%2Fv2%2Ftags&post=96899"}],"curies":[{"name":"wp","href":"https:\/\/api.w.org\/{rel}","templated":true}]}}