{"id":96902,"date":"2025-12-01T07:14:21","date_gmt":"2025-12-01T13:14:21","guid":{"rendered":"https:\/\/elinformante.mx\/?p=96902"},"modified":"2025-12-01T07:14:27","modified_gmt":"2025-12-01T13:14:27","slug":"amlo-reaparece-con-grandeza-pide-apoyar-a-la-presidenta","status":"publish","type":"post","link":"https:\/\/elinformante.mx\/?p=96902","title":{"rendered":"AMLO REAPARECE CON \u201cGRANDEZA\u201d, PIDE APOYAR A LA PRESIDENTA"},"content":{"rendered":"\n<figure class=\"wp-block-pullquote\"><blockquote><p>-Se\u00f1al\u00f3 que solo regresar\u00eda del retiro y saldr\u00eda a la calle para defender la democracia, a Sheinbaum y a la soberan\u00eda del pa\u00eds.<\/p><\/blockquote><\/figure>\n\n\n\n<p class=\"has-drop-cap\">El expresidente Andr\u00e9s Manuel L\u00f3pez Obrador reapareci\u00f3 en un video donde anunci\u00f3 y present\u00f3 su libro \u201cGrandeza\u201d, el cual busca reivindicar la historia de M\u00e9xico, luego de ser escrita por los conquistadores y saqueadores del pa\u00eds.<br><\/p>\n\n\n\n<p>L\u00f3pez Obrador no descart\u00f3 regresar a las calles en caso de alguna contingencia mayor.<br><\/p>\n\n\n\n<figure class=\"wp-block-image size-large\"><img fetchpriority=\"high\" decoding=\"async\" width=\"1024\" height=\"506\" src=\"https:\/\/elinformante.mx\/wp-content\/uploads\/2025\/12\/9amlo-3-1024x506.jpg\" alt=\"\" class=\"wp-image-96904\" srcset=\"https:\/\/elinformante.mx\/wp-content\/uploads\/2025\/12\/9amlo-3-1024x506.jpg 1024w, https:\/\/elinformante.mx\/wp-content\/uploads\/2025\/12\/9amlo-3-300x148.jpg 300w, https:\/\/elinformante.mx\/wp-content\/uploads\/2025\/12\/9amlo-3-768x379.jpg 768w, https:\/\/elinformante.mx\/wp-content\/uploads\/2025\/12\/9amlo-3.jpg 1140w\" sizes=\"(max-width: 1024px) 100vw, 1024px\" \/><\/figure>\n\n\n\n<p>En el v\u00eddeo, el expresidente comenta: \u201cEstoy presentando el libro de esta manera porque no puedo ir a presentarlo a M\u00e9xico, a las plazas p\u00fablicas; me gustar\u00eda mucho; pero, ya me retir\u00e9 de la actividad pol\u00edtica. No hay que hacerle sombra a nuestra presidenta. Ella es la que conduce y lo est\u00e1 haciendo muy bien. No hay que dividirnos. Hay que estar muy juntos, unidos\u201d, expres\u00f3 desde su quinta \u201cLa Chingada\u201d en Palenque, Chiapas.<br><\/p>\n\n\n\n<p>El expresidente rese\u00f1\u00f3 que el contenido de su libro, donde contiene una mirada hist\u00f3rica sobre las culturas precoloniales que habitaron la regi\u00f3n de Mesoam\u00e9rica y que hoy pertenece a M\u00e9xico, es porque la historia que nos han contado desde hace siglos es una historia falsa, simulada. Anunci\u00f3 que su pr\u00f3ximo libro, \u201cGloria\u201d ser\u00e1 una revisi\u00f3n de la historia pol\u00edtica, por ser el otro pilar del que nombr\u00f3 Humanismo Mexicano.<br><\/p>\n\n\n\n<figure class=\"wp-block-image size-large\"><img decoding=\"async\" width=\"1024\" height=\"506\" src=\"https:\/\/elinformante.mx\/wp-content\/uploads\/2025\/12\/9amlo-4-1024x506.jpg\" alt=\"\" class=\"wp-image-96905\" srcset=\"https:\/\/elinformante.mx\/wp-content\/uploads\/2025\/12\/9amlo-4-1024x506.jpg 1024w, https:\/\/elinformante.mx\/wp-content\/uploads\/2025\/12\/9amlo-4-300x148.jpg 300w, https:\/\/elinformante.mx\/wp-content\/uploads\/2025\/12\/9amlo-4-768x379.jpg 768w, https:\/\/elinformante.mx\/wp-content\/uploads\/2025\/12\/9amlo-4.jpg 1140w\" sizes=\"(max-width: 1024px) 100vw, 1024px\" \/><\/figure>\n\n\n\n<p>Pero igualmente se pronunci\u00f3 contra el racismo expresado a trav\u00e9s de t\u00e9rminos peyorativos contra las y los ind\u00edgenas, cuando deber\u00edamos estar orgullosos de nuestro pasado.<br><\/p>\n\n\n\n<p>El expresidente resalt\u00f3 su satisfacci\u00f3n con servir a M\u00e9xico durante el sexenio pasado, al mencionar que 13.4 millones de mexicanos abandonaron la condici\u00f3n de pobreza, aun cuando se enfrent\u00f3 al cataclismo econ\u00f3mico m\u00e1s devastador en un siglo, que fue la pandemia de la Covid-19.<br><\/p>\n\n\n\n<figure class=\"wp-block-image size-large\"><img decoding=\"async\" width=\"1024\" height=\"506\" src=\"https:\/\/elinformante.mx\/wp-content\/uploads\/2025\/12\/9amlo-1024x506.jpg\" alt=\"\" class=\"wp-image-96906\" srcset=\"https:\/\/elinformante.mx\/wp-content\/uploads\/2025\/12\/9amlo-1024x506.jpg 1024w, https:\/\/elinformante.mx\/wp-content\/uploads\/2025\/12\/9amlo-300x148.jpg 300w, https:\/\/elinformante.mx\/wp-content\/uploads\/2025\/12\/9amlo-768x379.jpg 768w, https:\/\/elinformante.mx\/wp-content\/uploads\/2025\/12\/9amlo.jpg 1140w\" sizes=\"(max-width: 1024px) 100vw, 1024px\" \/><\/figure>\n\n\n\n<p>Pero a su vez, reiter\u00f3 el llamado de apoyo a la presidenta Claudia Sheinbaum Pardo, a quien consider\u00f3 la mejor presidenta del planeta en la actualidad: \u201cTenemos esa enorme dicha. Vean c\u00f3mo son los presidentes o jefes de Estado en otros pa\u00edses y comparen. Ella es fiel al pueblo, fiel a los principios de la Transformaci\u00f3n. Ha sostenido que solo el pueblo puede salvar al pueblo\u201d.<br><\/p>\n\n\n\n<p>Y desde su retiro, refrend\u00f3 que no volver\u00e1 a la vida p\u00fablica; sin embargo, sostuvo: \u201cSolo saldr\u00eda a la calle por 3 razones: una, si atentaran contra la democracia como lo hac\u00edan antes los potentados, los oligarcas o los corruptos; para defenderla a Claudia Sheinbaum si hay intentos de golpe de Estado, y la tercera raz\u00f3n por la que saldr\u00eda a la calle ser\u00eda defender la soberan\u00eda de M\u00e9xico porque nuestro pa\u00eds es libre y es independiente; nosotros no somos colonias de ning\u00fan pa\u00eds extranjero; si se violara la soberan\u00eda, entonces s\u00ed saldr\u00eda a la calle\u201d.<\/p>\n\n\n\n<figure class=\"wp-block-image size-large\"><img loading=\"lazy\" decoding=\"async\" width=\"1024\" height=\"506\" src=\"https:\/\/elinformante.mx\/wp-content\/uploads\/2025\/12\/9amlo-claudia-2-1024x506.jpg\" alt=\"\" class=\"wp-image-96907\" srcset=\"https:\/\/elinformante.mx\/wp-content\/uploads\/2025\/12\/9amlo-claudia-2-1024x506.jpg 1024w, https:\/\/elinformante.mx\/wp-content\/uploads\/2025\/12\/9amlo-claudia-2-300x148.jpg 300w, https:\/\/elinformante.mx\/wp-content\/uploads\/2025\/12\/9amlo-claudia-2-768x379.jpg 768w, https:\/\/elinformante.mx\/wp-content\/uploads\/2025\/12\/9amlo-claudia-2.jpg 1140w\" sizes=\"(max-width: 1024px) 100vw, 1024px\" \/><\/figure>\n","protected":false},"excerpt":{"rendered":"<p>-Se\u00f1al\u00f3 que solo regresar\u00eda del retiro y saldr\u00eda a la calle para defender la democracia, a Sheinbaum y a la soberan\u00eda del pa\u00eds. El expresidente Andr\u00e9s Manuel L\u00f3pez Obrador reapareci\u00f3 en un video donde anunci\u00f3 y present\u00f3 su libro \u201cGrandeza\u201d, el cual busca reivindicar la historia de M\u00e9xico, luego de ser escrita por los conquistadores [&hellip;]<\/p>\n","protected":false},"author":1,"featured_media":96903,"comment_status":"closed","ping_status":"closed","sticky":false,"template":"","format":"standard","meta":{"footnotes":""},"categories":[30,34,31],"tags":[47],"class_list":["post-96902","post","type-post","status-publish","format-standard","has-post-thumbnail","hentry","category-destacado","category-nacional","category-portada","tag-portadanacional"],"_links":{"self":[{"href":"https:\/\/elinformante.mx\/index.php?rest_route=\/wp\/v2\/posts\/96902","targetHints":{"allow":["GET"]}}],"collection":[{"href":"https:\/\/elinformante.mx\/index.php?rest_route=\/wp\/v2\/posts"}],"about":[{"href":"https:\/\/elinformante.mx\/index.php?rest_route=\/wp\/v2\/types\/post"}],"author":[{"embeddable":true,"href":"https:\/\/elinformante.mx\/index.php?rest_route=\/wp\/v2\/users\/1"}],"replies":[{"embeddable":true,"href":"https:\/\/elinformante.mx\/index.php?rest_route=%2Fwp%2Fv2%2Fcomments&post=96902"}],"version-history":[{"count":0,"href":"https:\/\/elinformante.mx\/index.php?rest_route=\/wp\/v2\/posts\/96902\/revisions"}],"wp:featuredmedia":[{"embeddable":true,"href":"https:\/\/elinformante.mx\/index.php?rest_route=\/wp\/v2\/media\/96903"}],"wp:attachment":[{"href":"https:\/\/elinformante.mx\/index.php?rest_route=%2Fwp%2Fv2%2Fmedia&parent=96902"}],"wp:term":[{"taxonomy":"category","embeddable":true,"href":"https:\/\/elinformante.mx\/index.php?rest_route=%2Fwp%2Fv2%2Fcategories&post=96902"},{"taxonomy":"post_tag","embeddable":true,"href":"https:\/\/elinformante.mx\/index.php?rest_route=%2Fwp%2Fv2%2Ftags&post=96902"}],"curies":[{"name":"wp","href":"https:\/\/api.w.org\/{rel}","templated":true}]}}