{"id":96930,"date":"2025-12-02T06:34:03","date_gmt":"2025-12-02T12:34:03","guid":{"rendered":"https:\/\/elinformante.mx\/?p=96930"},"modified":"2025-12-02T06:34:06","modified_gmt":"2025-12-02T12:34:06","slug":"se-posponen-rehabilitaciones-hidricas-en-toluca-hasta-enero-ricardo-moreno","status":"publish","type":"post","link":"https:\/\/elinformante.mx\/?p=96930","title":{"rendered":"Se posponen rehabilitaciones h\u00eddricas en Toluca hasta enero: Ricardo Moreno"},"content":{"rendered":"\n<figure class=\"wp-block-pullquote\"><blockquote><p>Dentro de los trabajos se encuentra el pozo El Calvario<\/p><\/blockquote><\/figure>\n\n\n\n<p class=\"has-drop-cap\">Permanece firme el compromiso de mejorar los servicios p\u00fablicos y garantizar el acceso al agua potable para todos<br><\/p>\n\n\n\n<p>El Gobierno municipal inform\u00f3 que las rehabilitaciones programadas para diciembre se reanudar\u00e1n a inicios del a\u00f1o, entre ellas se encuentra el pozo El Calvario.<br><\/p>\n\n\n\n<p>El alcalde Ricardo Moreno precis\u00f3 que la rehabilitaci\u00f3n de dicho tanque y otros pozos m\u00e1s, cuyos trabajos estaban previstos para realizarse el mes de diciembre, quedar\u00e1n temporalmente suspendidos, a fin de optimizar el uso de los recursos p\u00fablicos y fortalecer la seguridad h\u00eddrica del municipio.<br><\/p>\n\n\n\n<p>Reiter\u00f3 que la mejora de los servicios p\u00fablicos es una prioridad y que se mantendr\u00e1n los esfuerzos para consolidar una capital moderna, eficiente e inclusiva, donde el acceso a este l\u00edquido sea un derecho garantizado para todas y todos.<br><\/p>\n\n\n\n<p>Asimismo record\u00f3 que las zonas que se ver\u00edan afectadas por los trabajos incluyen a Jos\u00e9 Mar\u00eda Oviedo, Cuauht\u00e9moc, Universidad, La Merced, El Ranchito, Centro, Morelos Primera y Segunda Secci\u00f3n, Izcalli IPIEM, Las Haciendas, Infonavit Tollocan, Federal, Residencial Col\u00f3n y Cipr\u00e9s, quienes por momento contin\u00faan teniendo suministro de agua.<br><\/p>\n\n\n\n<p>Estos trabajos de supervisi\u00f3n, mantenimiento preventivo se realizan con el prop\u00f3sito de evitar fallas mayores y asegurar la continuidad del servicio, pues estas acciones responden a un ejercicio de responsabilidad y austeridad, donde distribuir agua potable de calidad para la poblaci\u00f3n es una prioridad.<\/p>\n","protected":false},"excerpt":{"rendered":"<p>Dentro de los trabajos se encuentra el pozo El Calvario Permanece firme el compromiso de mejorar los servicios p\u00fablicos y garantizar el acceso al agua potable para todos El Gobierno municipal inform\u00f3 que las rehabilitaciones programadas para diciembre se reanudar\u00e1n a inicios del a\u00f1o, entre ellas se encuentra el pozo El Calvario. El alcalde Ricardo [&hellip;]<\/p>\n","protected":false},"author":1,"featured_media":96934,"comment_status":"closed","ping_status":"closed","sticky":false,"template":"","format":"standard","meta":{"footnotes":""},"categories":[36],"tags":[],"class_list":["post-96930","post","type-post","status-publish","format-standard","has-post-thumbnail","hentry","category-edomex"],"_links":{"self":[{"href":"https:\/\/elinformante.mx\/index.php?rest_route=\/wp\/v2\/posts\/96930","targetHints":{"allow":["GET"]}}],"collection":[{"href":"https:\/\/elinformante.mx\/index.php?rest_route=\/wp\/v2\/posts"}],"about":[{"href":"https:\/\/elinformante.mx\/index.php?rest_route=\/wp\/v2\/types\/post"}],"author":[{"embeddable":true,"href":"https:\/\/elinformante.mx\/index.php?rest_route=\/wp\/v2\/users\/1"}],"replies":[{"embeddable":true,"href":"https:\/\/elinformante.mx\/index.php?rest_route=%2Fwp%2Fv2%2Fcomments&post=96930"}],"version-history":[{"count":0,"href":"https:\/\/elinformante.mx\/index.php?rest_route=\/wp\/v2\/posts\/96930\/revisions"}],"wp:featuredmedia":[{"embeddable":true,"href":"https:\/\/elinformante.mx\/index.php?rest_route=\/wp\/v2\/media\/96934"}],"wp:attachment":[{"href":"https:\/\/elinformante.mx\/index.php?rest_route=%2Fwp%2Fv2%2Fmedia&parent=96930"}],"wp:term":[{"taxonomy":"category","embeddable":true,"href":"https:\/\/elinformante.mx\/index.php?rest_route=%2Fwp%2Fv2%2Fcategories&post=96930"},{"taxonomy":"post_tag","embeddable":true,"href":"https:\/\/elinformante.mx\/index.php?rest_route=%2Fwp%2Fv2%2Ftags&post=96930"}],"curies":[{"name":"wp","href":"https:\/\/api.w.org\/{rel}","templated":true}]}}