{"id":96956,"date":"2025-12-02T07:10:41","date_gmt":"2025-12-02T13:10:41","guid":{"rendered":"https:\/\/elinformante.mx\/?p=96956"},"modified":"2025-12-02T07:10:48","modified_gmt":"2025-12-02T13:10:48","slug":"celebran-el-dia-nacional-de-la-nochebuena-en-el-museo-de-historia-natural-y-cultura-ambiental","status":"publish","type":"post","link":"https:\/\/elinformante.mx\/?p=96956","title":{"rendered":"Celebran el d\u00eda nacional de la Nochebuena en el Museo de Historia Natural y Cultura Ambiental"},"content":{"rendered":"\n<figure class=\"wp-block-pullquote\"><blockquote><p>Todas las actividades est\u00e1n incluidas en el boleto de entrada al museo, lo que permite el acceso libre a talleres, obras y charlas educativas.<\/p><\/blockquote><\/figure>\n\n\n\n<p class=\"has-drop-cap\">La Sedema de la Ciudad de M\u00e9xico, a trav\u00e9s de la Direcci\u00f3n General de Coordinaci\u00f3n de Pol\u00edticas y Cultura Ambiental (DGCPCA) y el Museo de Historia Natural y Cultura Ambiental (MHNCA), convoca a ni\u00f1as, ni\u00f1os, j\u00f3venes y familias capitalinas a disfrutar de las actividades que estos recintos tienen programadas.<br><\/p>\n\n\n\n<p>Los s\u00e1bados 6 y 13 de diciembre se presentar\u00e1 la narraci\u00f3n dramatizada \u201cEl efecto de la Navidad\u201d. La cita es a las 13:00 horas para descubrir la historia de un lobo y el control de sus emociones.<br><\/p>\n\n\n\n<p>El s\u00e1bado 6 de diciembre, de 14:00 a 16:00 horas, podr\u00e1n celebrar el D\u00eda Nacional de la Nochebuena con un taller para realizar paso a paso una bella flor de Nochebuena que se ilumina con la luz natural.<br><\/p>\n\n\n\n<figure class=\"wp-block-image size-large\"><img fetchpriority=\"high\" decoding=\"async\" width=\"1024\" height=\"506\" src=\"https:\/\/elinformante.mx\/wp-content\/uploads\/2025\/12\/5celebra-2-1024x506.jpg\" alt=\"\" class=\"wp-image-96960\" srcset=\"https:\/\/elinformante.mx\/wp-content\/uploads\/2025\/12\/5celebra-2-1024x506.jpg 1024w, https:\/\/elinformante.mx\/wp-content\/uploads\/2025\/12\/5celebra-2-300x148.jpg 300w, https:\/\/elinformante.mx\/wp-content\/uploads\/2025\/12\/5celebra-2-768x379.jpg 768w, https:\/\/elinformante.mx\/wp-content\/uploads\/2025\/12\/5celebra-2.jpg 1140w\" sizes=\"(max-width: 1024px) 100vw, 1024px\" \/><\/figure>\n\n\n\n<p>Los domingos 7, 14, 21 de diciembre, a las 14:00 horas, se llevar\u00e1 a cabo la lectura en voz alta \u201c\u00a1La gran hora del cuento va a comenzar!\u201d. Con esta actividad, chicos y grandes podr\u00e1n maravillarse con divertidas historias.<br><\/p>\n\n\n\n<p>Adem\u00e1s, el domingo 7 de diciembre, de 11:30 a 14:30, estar\u00e1 la actividad l\u00fadica \u201cDeseos de invierno\u201d, con la que podr\u00e1n pedir un deseo para un nuevo y grandioso a\u00f1o, donde los ciclos y vida natural inspiran. Y, a las 14:00 horas, se realizar\u00e1 la charla \u201cCuando en la Tierra es primavera, \u00bfqu\u00e9 estaci\u00f3n es en Marte?\u201d, con la que descubrir\u00e1n las curiosidades de la ciencia en el d\u00eda a d\u00eda.<br><\/p>\n\n\n\n<p>Se le invita a la ciudadan\u00eda a usar el transporte p\u00fablico para llegar al recinto. La estaci\u00f3n de metro m\u00e1s cercana es Constituyentes, de la L\u00ednea 7. Al salir de esta estaci\u00f3n, se puede tomar el Metrob\u00fas M1 Ecob\u00fas Ruta 34-A o la combi Ruta 24 y bajar en la parada General Jos\u00e9 Mar\u00eda Mend\u00edvil y de ah\u00ed adentrarse al Bosque de Chapultepec. Tambi\u00e9n, desde Constituyentes se puede tomar el cableb\u00fas hasta la estaci\u00f3n Pante\u00f3n Dolores (una estaci\u00f3n) y de ah\u00ed caminar al museo.<br><\/p>\n\n\n\n<p>Con estas acciones, el Gobierno de la Ciudad de M\u00e9xico, encabezado por Clara Brugada Molina, y desde la SEDEMA, bajo la direcci\u00f3n de la secretaria Julia \u00c1lvarez Icaza Ram\u00edrez, reafirman su compromiso de garantizar la educaci\u00f3n ambiental en las y los ciudadanos de todas las edades para generar una conciencia ambiental.<\/p>\n","protected":false},"excerpt":{"rendered":"<p>Todas las actividades est\u00e1n incluidas en el boleto de entrada al museo, lo que permite el acceso libre a talleres, obras y charlas educativas. La Sedema de la Ciudad de M\u00e9xico, a trav\u00e9s de la Direcci\u00f3n General de Coordinaci\u00f3n de Pol\u00edticas y Cultura Ambiental (DGCPCA) y el Museo de Historia Natural y Cultura Ambiental (MHNCA), [&hellip;]<\/p>\n","protected":false},"author":1,"featured_media":96959,"comment_status":"closed","ping_status":"closed","sticky":false,"template":"","format":"standard","meta":{"footnotes":""},"categories":[35],"tags":[],"class_list":["post-96956","post","type-post","status-publish","format-standard","has-post-thumbnail","hentry","category-cdmx"],"_links":{"self":[{"href":"https:\/\/elinformante.mx\/index.php?rest_route=\/wp\/v2\/posts\/96956","targetHints":{"allow":["GET"]}}],"collection":[{"href":"https:\/\/elinformante.mx\/index.php?rest_route=\/wp\/v2\/posts"}],"about":[{"href":"https:\/\/elinformante.mx\/index.php?rest_route=\/wp\/v2\/types\/post"}],"author":[{"embeddable":true,"href":"https:\/\/elinformante.mx\/index.php?rest_route=\/wp\/v2\/users\/1"}],"replies":[{"embeddable":true,"href":"https:\/\/elinformante.mx\/index.php?rest_route=%2Fwp%2Fv2%2Fcomments&post=96956"}],"version-history":[{"count":0,"href":"https:\/\/elinformante.mx\/index.php?rest_route=\/wp\/v2\/posts\/96956\/revisions"}],"wp:featuredmedia":[{"embeddable":true,"href":"https:\/\/elinformante.mx\/index.php?rest_route=\/wp\/v2\/media\/96959"}],"wp:attachment":[{"href":"https:\/\/elinformante.mx\/index.php?rest_route=%2Fwp%2Fv2%2Fmedia&parent=96956"}],"wp:term":[{"taxonomy":"category","embeddable":true,"href":"https:\/\/elinformante.mx\/index.php?rest_route=%2Fwp%2Fv2%2Fcategories&post=96956"},{"taxonomy":"post_tag","embeddable":true,"href":"https:\/\/elinformante.mx\/index.php?rest_route=%2Fwp%2Fv2%2Ftags&post=96956"}],"curies":[{"name":"wp","href":"https:\/\/api.w.org\/{rel}","templated":true}]}}