{"id":96958,"date":"2025-12-02T07:12:55","date_gmt":"2025-12-02T13:12:55","guid":{"rendered":"https:\/\/elinformante.mx\/?p=96958"},"modified":"2025-12-02T07:12:59","modified_gmt":"2025-12-02T13:12:59","slug":"se-reunen-mas-de-1500-jovenes-en-conciertos-de-azul-de-viena-chucho-rivas-y-arroba-nath-en-cdmx","status":"publish","type":"post","link":"https:\/\/elinformante.mx\/?p=96958","title":{"rendered":"Se re\u00fanen m\u00e1s de 1,500 j\u00f3venes en conciertos de Azul de Viena, Chucho Rivas y Arroba Nath en CDMX"},"content":{"rendered":"\n<figure class=\"wp-block-pullquote\"><blockquote><p>-Las presentaciones crearon una gran fiesta en el Kiosco de la Alameda Central y la calle de Motolinia en el Centro Hist\u00f3rico.<\/p><\/blockquote><\/figure>\n\n\n\n<p class=\"has-drop-cap\">Las juventudes de la Ciudad de M\u00e9xico se apropiaron de las plazas y calles de la capital en un fin de semana inolvidable con las presentaciones musicales que el Instituto de la Juventud (INJUVE)de la Ciudad de M\u00e9xico trajo para ellas.<br><\/p>\n\n\n\n<p>M\u00e1s de 1,000 j\u00f3venes disfrutaron de su s\u00e1bado con las presentaciones de Diana Meril, Valdo Rodr\u00edguez y Azul de Viena, banda de indie folk originaria de Oaxaca, que fue tra\u00edda en colaboraci\u00f3n al Instituto de la Juventud del Estado de Oaxaca, como un ejemplo de colaboraci\u00f3n institucional en favor de las juventudes de ambos estados.<br><\/p>\n\n\n\n<p>El concierto se celebr\u00f3 en el Kiosco de la Alameda Central, lugar que ha sido convertido por el INJUVE en un espacio cultural donde los fines de semana se presentan m\u00fasica, baile, teatro, exposiciones y m\u00e1s expresiones culturales de creadores j\u00f3venes, incluidos beneficiarios de los programas ALDEA Juvenil, Juventudes Autogestivas para la Transformaci\u00f3n y, m\u00e1s recientemente, CLUBs Juveniles.<br><\/p>\n\n\n\n<p>El domingo, a manera de cierre del mes de noviembre, el INJUVE tom\u00f3 la esquina de las calles de Motolinia y Madero para un showcase que reuni\u00f3 a m\u00e1s de 500 personas para escuchar la m\u00fasica de los artistas Chucho Rivas, Arroba Nath y Diego Isufrida, quienes pr\u00e1cticamente tocaron frente a frente de sus fans.<br><\/p>\n\n\n\n<p>El evento fue organizado gracias a la colaboraci\u00f3n entre el INJUVE y la productora Galope Music tambi\u00e9n de forma completamente gratuita.<br><\/p>\n\n\n\n<p>A trav\u00e9s de su \u00e1rea de Cultura Urbana y Social, el INJUVE realiza conciertos y m\u00e1s eventos culturales completamente gratuitos en diversos puntos de la Ciudad de M\u00e9xico; si quieres enterarte de ellos, puedes consultar nuestra programaci\u00f3n en las redes sociales oficiales del Instituto de la Juventud de la Ciudad de M\u00e9xico.<\/p>\n","protected":false},"excerpt":{"rendered":"<p>-Las presentaciones crearon una gran fiesta en el Kiosco de la Alameda Central y la calle de Motolinia en el Centro Hist\u00f3rico. Las juventudes de la Ciudad de M\u00e9xico se apropiaron de las plazas y calles de la capital en un fin de semana inolvidable con las presentaciones musicales que el Instituto de la Juventud [&hellip;]<\/p>\n","protected":false},"author":1,"featured_media":96962,"comment_status":"closed","ping_status":"closed","sticky":false,"template":"","format":"standard","meta":{"footnotes":""},"categories":[35,30],"tags":[],"class_list":["post-96958","post","type-post","status-publish","format-standard","has-post-thumbnail","hentry","category-cdmx","category-destacado"],"_links":{"self":[{"href":"https:\/\/elinformante.mx\/index.php?rest_route=\/wp\/v2\/posts\/96958","targetHints":{"allow":["GET"]}}],"collection":[{"href":"https:\/\/elinformante.mx\/index.php?rest_route=\/wp\/v2\/posts"}],"about":[{"href":"https:\/\/elinformante.mx\/index.php?rest_route=\/wp\/v2\/types\/post"}],"author":[{"embeddable":true,"href":"https:\/\/elinformante.mx\/index.php?rest_route=\/wp\/v2\/users\/1"}],"replies":[{"embeddable":true,"href":"https:\/\/elinformante.mx\/index.php?rest_route=%2Fwp%2Fv2%2Fcomments&post=96958"}],"version-history":[{"count":0,"href":"https:\/\/elinformante.mx\/index.php?rest_route=\/wp\/v2\/posts\/96958\/revisions"}],"wp:featuredmedia":[{"embeddable":true,"href":"https:\/\/elinformante.mx\/index.php?rest_route=\/wp\/v2\/media\/96962"}],"wp:attachment":[{"href":"https:\/\/elinformante.mx\/index.php?rest_route=%2Fwp%2Fv2%2Fmedia&parent=96958"}],"wp:term":[{"taxonomy":"category","embeddable":true,"href":"https:\/\/elinformante.mx\/index.php?rest_route=%2Fwp%2Fv2%2Fcategories&post=96958"},{"taxonomy":"post_tag","embeddable":true,"href":"https:\/\/elinformante.mx\/index.php?rest_route=%2Fwp%2Fv2%2Ftags&post=96958"}],"curies":[{"name":"wp","href":"https:\/\/api.w.org\/{rel}","templated":true}]}}