{"id":96986,"date":"2025-12-03T05:41:43","date_gmt":"2025-12-03T11:41:43","guid":{"rendered":"https:\/\/elinformante.mx\/?p=96986"},"modified":"2025-12-03T05:41:46","modified_gmt":"2025-12-03T11:41:46","slug":"daniel-radcliffe-y-tom-felton-se-reunen-14-anos-despues-de-harry-potter","status":"publish","type":"post","link":"https:\/\/elinformante.mx\/?p=96986","title":{"rendered":"Daniel Radcliffe y Tom Felton se re\u00fanen 14 a\u00f1os despu\u00e9s de \u201cHarry Potter\u201d"},"content":{"rendered":"\n<figure class=\"wp-block-pullquote\"><blockquote><p>-Los actores se encontraron en New York, emocionando a los fans de \u201cHarry Potter\u201d.<\/p><\/blockquote><\/figure>\n\n\n\n<p class=\"has-drop-cap\">Los actores Daniel Radcliffe y Tom Felton se reencontraron recientemente en Nueva York, recordando los a\u00f1os que compartieron como parte de la saga de Harry Potter.<br><\/p>\n\n\n\n<p>La ocasi\u00f3n fue especial: ambos coincidieron durante la proyecci\u00f3n de Merrily We Roll Along, un cl\u00e1sico musical de Stephen Sondheim que Radcliffe protagoniz\u00f3 en Broadway en 2023 y que ahora se exhibe en cines.<br><\/p>\n\n\n\n<p>Este reencuentro, cargado de nostalgia, ocurri\u00f3 justo 14 a\u00f1os despu\u00e9s del estreno de la \u00faltima pel\u00edcula de Harry Potter.<br><\/p>\n\n\n\n<p>Radcliffe ha brillado en escenarios neoyorquinos, Tom Felton ha regresado al universo m\u00e1gico en otra forma: interpreta a Draco Malfoy en la obra Harry Potter and the Cursed Child, escrita por Jack Thorne, que contin\u00faa la historia original mostrando a los hijos de Harry y Draco.<br><\/p>\n\n\n\n<p>Esta producci\u00f3n se presenta en Broadway desde 2016, convirtiendo a Felton en el primer actor del elenco original en retomar su personaje en una nueva historia.<br><\/p>\n\n\n\n<p>Aunque en la pantalla sus personajes fueron enemigos, en la vida real Daniel Radcliffe y Tom Felton siempre han mantenido una relaci\u00f3n cercana.<br><\/p>\n\n\n\n<p>A lo largo de los a\u00f1os, ambos han mostrado respeto mutuo y apoyo en sus respectivos proyectos, ahora que los dos han brillado en Broadway. Felton ha reconocido p\u00fablicamente que la carrera de Radcliffe en el teatro fue una gran inspiraci\u00f3n para \u00e9l.<br><\/p>\n\n\n\n<p>Felton comparti\u00f3: \u201cHe aprendido algunos consejos de Potter. Fue una de las primeras inspiraciones para venir a Broadway\u201d.<br><\/p>\n\n\n\n<p>Estas palabras tuvieron un fuerte impacto en Radcliffe, respondi\u00f3 con emoci\u00f3n en el mismo programa:<br><\/p>\n\n\n\n<p>\u201cEs una locura. Tom es mayor que yo; siempre fue el chico genial de ni\u00f1o. Es incre\u00edble que me considerara una inspiraci\u00f3n para algo. Es muy tierno\u201d.<br><\/p>\n\n\n\n<p>A pesar de que a\u00fan no ha visto a Tom Felton actuando en The Cursed Child, Radcliffe ha expresado su entusiasmo por la participaci\u00f3n de su amigo en esta obra.<br><\/p>\n\n\n\n<p>Adem\u00e1s, como parte de su regreso al universo m\u00e1gico, Tom Felton fue el encargado de iluminar el ic\u00f3nico Empire State Building.<br><\/p>\n\n\n\n<p>El fen\u00f3meno de Harry Potter no ha perdido fuerza con los a\u00f1os. Dos d\u00e9cadas despu\u00e9s del estreno de la primera pel\u00edcula, el inter\u00e9s por este universo contin\u00faa expandi\u00e9ndose.<\/p>\n","protected":false},"excerpt":{"rendered":"<p>-Los actores se encontraron en New York, emocionando a los fans de \u201cHarry Potter\u201d. Los actores Daniel Radcliffe y Tom Felton se reencontraron recientemente en Nueva York, recordando los a\u00f1os que compartieron como parte de la saga de Harry Potter. La ocasi\u00f3n fue especial: ambos coincidieron durante la proyecci\u00f3n de Merrily We Roll Along, un [&hellip;]<\/p>\n","protected":false},"author":1,"featured_media":96991,"comment_status":"closed","ping_status":"closed","sticky":false,"template":"","format":"standard","meta":{"footnotes":""},"categories":[30,39],"tags":[],"class_list":["post-96986","post","type-post","status-publish","format-standard","has-post-thumbnail","hentry","category-destacado","category-espectaculos"],"_links":{"self":[{"href":"https:\/\/elinformante.mx\/index.php?rest_route=\/wp\/v2\/posts\/96986","targetHints":{"allow":["GET"]}}],"collection":[{"href":"https:\/\/elinformante.mx\/index.php?rest_route=\/wp\/v2\/posts"}],"about":[{"href":"https:\/\/elinformante.mx\/index.php?rest_route=\/wp\/v2\/types\/post"}],"author":[{"embeddable":true,"href":"https:\/\/elinformante.mx\/index.php?rest_route=\/wp\/v2\/users\/1"}],"replies":[{"embeddable":true,"href":"https:\/\/elinformante.mx\/index.php?rest_route=%2Fwp%2Fv2%2Fcomments&post=96986"}],"version-history":[{"count":0,"href":"https:\/\/elinformante.mx\/index.php?rest_route=\/wp\/v2\/posts\/96986\/revisions"}],"wp:featuredmedia":[{"embeddable":true,"href":"https:\/\/elinformante.mx\/index.php?rest_route=\/wp\/v2\/media\/96991"}],"wp:attachment":[{"href":"https:\/\/elinformante.mx\/index.php?rest_route=%2Fwp%2Fv2%2Fmedia&parent=96986"}],"wp:term":[{"taxonomy":"category","embeddable":true,"href":"https:\/\/elinformante.mx\/index.php?rest_route=%2Fwp%2Fv2%2Fcategories&post=96986"},{"taxonomy":"post_tag","embeddable":true,"href":"https:\/\/elinformante.mx\/index.php?rest_route=%2Fwp%2Fv2%2Ftags&post=96986"}],"curies":[{"name":"wp","href":"https:\/\/api.w.org\/{rel}","templated":true}]}}