{"id":96990,"date":"2025-12-03T05:42:54","date_gmt":"2025-12-03T11:42:54","guid":{"rendered":"https:\/\/elinformante.mx\/?p=96990"},"modified":"2025-12-03T05:42:57","modified_gmt":"2025-12-03T11:42:57","slug":"anuncia-raiders-contratacion-de-greedy-vance","status":"publish","type":"post","link":"https:\/\/elinformante.mx\/?p=96990","title":{"rendered":"Anuncia Raiders contrataci\u00f3n de Greedy Vance"},"content":{"rendered":"\n<figure class=\"wp-block-pullquote\"><blockquote><p>-Los Malosos se alistan para enfrentar a los Broncos el pr\u00f3ximo domingo en Las Vegas.<\/p><\/blockquote><\/figure>\n\n\n\n<p class=\"has-drop-cap\">Las Vegas Raiders anunciaron por medio de sus redes sociales que se hicieron de los servicios del CB Greedy Vance, quien entrar\u00e1 de lleno en el roster principal.<br><\/p>\n\n\n\n<p>Vance firm\u00f3 con los Malosos en mayo, pero lo hizo como agente libre no reclutado y ya tuvo participaci\u00f3n en dos juegos de la presente temporada de NFL.<br><\/p>\n\n\n\n<figure class=\"wp-block-image size-large\"><img fetchpriority=\"high\" decoding=\"async\" width=\"1024\" height=\"506\" src=\"https:\/\/elinformante.mx\/wp-content\/uploads\/2025\/12\/14anuncia-1024x506.jpg\" alt=\"\" class=\"wp-image-96994\" srcset=\"https:\/\/elinformante.mx\/wp-content\/uploads\/2025\/12\/14anuncia-1024x506.jpg 1024w, https:\/\/elinformante.mx\/wp-content\/uploads\/2025\/12\/14anuncia-300x148.jpg 300w, https:\/\/elinformante.mx\/wp-content\/uploads\/2025\/12\/14anuncia-768x379.jpg 768w, https:\/\/elinformante.mx\/wp-content\/uploads\/2025\/12\/14anuncia.jpg 1140w\" sizes=\"(max-width: 1024px) 100vw, 1024px\" \/><\/figure>\n\n\n\n<p>Vance disput\u00f3 su \u00faltimo a\u00f1o como universitario en la USC despu\u00e9s de haber estado dos temporadas en Florida State (2022-23) y dos en Lousville (2020-21).<br><\/p>\n\n\n\n<p>El corner estuvo en 55 juegos, en los cuales 20 fue como titular, obtuvo 100 tacleadas, intercept\u00f3 en cinco ocasiones, desvi\u00f3 14 pases y recuper\u00f3 un bal\u00f3n suelto.<br><\/p>\n\n\n\n<p>En otros movimientos del d\u00eda, Las Vegas Raiders se desprendi\u00f3 del LB Jamin Davis y dej\u00f3 en libertad al K Greg Joseph, quien formaba parte del equipo de pr\u00e1cticas.<\/p>\n","protected":false},"excerpt":{"rendered":"<p>-Los Malosos se alistan para enfrentar a los Broncos el pr\u00f3ximo domingo en Las Vegas. Las Vegas Raiders anunciaron por medio de sus redes sociales que se hicieron de los servicios del CB Greedy Vance, quien entrar\u00e1 de lleno en el roster principal. Vance firm\u00f3 con los Malosos en mayo, pero lo hizo como agente [&hellip;]<\/p>\n","protected":false},"author":1,"featured_media":96993,"comment_status":"closed","ping_status":"closed","sticky":false,"template":"","format":"standard","meta":{"footnotes":""},"categories":[38],"tags":[],"class_list":["post-96990","post","type-post","status-publish","format-standard","has-post-thumbnail","hentry","category-deportes"],"_links":{"self":[{"href":"https:\/\/elinformante.mx\/index.php?rest_route=\/wp\/v2\/posts\/96990","targetHints":{"allow":["GET"]}}],"collection":[{"href":"https:\/\/elinformante.mx\/index.php?rest_route=\/wp\/v2\/posts"}],"about":[{"href":"https:\/\/elinformante.mx\/index.php?rest_route=\/wp\/v2\/types\/post"}],"author":[{"embeddable":true,"href":"https:\/\/elinformante.mx\/index.php?rest_route=\/wp\/v2\/users\/1"}],"replies":[{"embeddable":true,"href":"https:\/\/elinformante.mx\/index.php?rest_route=%2Fwp%2Fv2%2Fcomments&post=96990"}],"version-history":[{"count":0,"href":"https:\/\/elinformante.mx\/index.php?rest_route=\/wp\/v2\/posts\/96990\/revisions"}],"wp:featuredmedia":[{"embeddable":true,"href":"https:\/\/elinformante.mx\/index.php?rest_route=\/wp\/v2\/media\/96993"}],"wp:attachment":[{"href":"https:\/\/elinformante.mx\/index.php?rest_route=%2Fwp%2Fv2%2Fmedia&parent=96990"}],"wp:term":[{"taxonomy":"category","embeddable":true,"href":"https:\/\/elinformante.mx\/index.php?rest_route=%2Fwp%2Fv2%2Fcategories&post=96990"},{"taxonomy":"post_tag","embeddable":true,"href":"https:\/\/elinformante.mx\/index.php?rest_route=%2Fwp%2Fv2%2Ftags&post=96990"}],"curies":[{"name":"wp","href":"https:\/\/api.w.org\/{rel}","templated":true}]}}