{"id":96995,"date":"2025-12-03T05:45:50","date_gmt":"2025-12-03T11:45:50","guid":{"rendered":"https:\/\/elinformante.mx\/?p=96995"},"modified":"2025-12-03T05:45:55","modified_gmt":"2025-12-03T11:45:55","slug":"juezas-y-jueces-esencia-del-poder-judicial-del-estado-de-mexico-hmg","status":"publish","type":"post","link":"https:\/\/elinformante.mx\/?p=96995","title":{"rendered":"Juezas y jueces, esencia del Poder Judicial del Estado de M\u00e9xico: HMG"},"content":{"rendered":"\n<figure class=\"wp-block-pullquote\"><blockquote><p>-El Magistrado Presidente se reuni\u00f3 con las y los juzgadores; present\u00f3 al equipo de enlace.<\/p><\/blockquote><\/figure>\n\n\n\n<p class=\"has-drop-cap\">A fin de continuar con la pol\u00edtica de puertas abiertas en todos los sectores del Poder Judicial del Estado de M\u00e9xico, el Magistrado Presidente del Tribunal Superior de Justicia, H\u00e9ctor Macedo Garc\u00eda, se reuni\u00f3 con juezas y jueces de todas las materias: Penal, Familiar, Civil-Mercantil y Laboral.<br><\/p>\n\n\n\n<p>Macedo Garc\u00eda explic\u00f3 que el motivo de este encuentro fue conocer, escuchar de viva voz propuestas, inquietudes y necesidades de las y los jueces, quienes, destac\u00f3, son el principal capital del Poder Judicial del Estado de M\u00e9xico, pues representan la funci\u00f3n b\u00e1sica que es la impartici\u00f3n de justicia.<br><\/p>\n\n\n\n<p>El titular del Tribunal Superior de Justicia llam\u00f3 a forjar un Poder Judicial donde el objetivo sea colocar a las personas como el centro de la actividad jurisdiccional y convoc\u00f3 a los asistentes a realizar su funci\u00f3n pensando siempre en ellas.<br><\/p>\n\n\n\n<p>Invit\u00f3 a las y los juzgadores a participar en la nueva estrategia del PJEdomex para brindar una justicia m\u00e1s cercana, humana, transparente y confiable a la ciudadan\u00eda; al tiempo que dijo, se buscar\u00e1 mejorar la calidad de vida de los propios jueces y de sus equipos.<br><\/p>\n\n\n\n<p>El Magistrado present\u00f3 a quienes fungen como enlace con juzgadores, que dijo \u201cest\u00e1n para servirles, cuidarles, apoyarles y generar certidumbre dentro de la instituci\u00f3n\u201d.<br><\/p>\n\n\n\n<p>Integran este equipo de trabajo Cristel Yunuen Pozas Serrano, Secretaria de Acuerdos; Juez C\u00e9sar Bulmaro D\u00edaz Mor\u00e1n, Coordinador de Enlaces con \u00d3rganos Jurisdiccionales; las juezas Mar\u00eda Elena Pons Escalera, en Materia Civil y Mercantil, Mar\u00eda de Lourdes Hern\u00e1ndez Gardu\u00f1o, en Materia Familiar, y Laura Leticia Calder\u00f3n Acosta, en Materia Laboral.<br><\/p>\n\n\n\n<p>Los Magistrados Sergio Castillo Miranda, Coordinador de Relaciones Intergubernamentales e Institucionales, y Jos\u00e9 Luis Embris V\u00e1squez, Director General de la Escuela Judicial del Estado de M\u00e9xico; adem\u00e1s, Sara\u00ed Aydee Ram\u00edrez Garc\u00eda, Directora de los Centros de Convivencia Familiar, Virgilio Jaramillo Rojas, Secretario T\u00e9cnico, Ra\u00fal Carrillo del Muro, Secretario Particular de Presidencia, y Marco Octavio Flores Romero, Secretario Particular Adjunto.<\/p>\n","protected":false},"excerpt":{"rendered":"<p>-El Magistrado Presidente se reuni\u00f3 con las y los juzgadores; present\u00f3 al equipo de enlace. A fin de continuar con la pol\u00edtica de puertas abiertas en todos los sectores del Poder Judicial del Estado de M\u00e9xico, el Magistrado Presidente del Tribunal Superior de Justicia, H\u00e9ctor Macedo Garc\u00eda, se reuni\u00f3 con juezas y jueces de todas [&hellip;]<\/p>\n","protected":false},"author":1,"featured_media":96998,"comment_status":"closed","ping_status":"closed","sticky":false,"template":"","format":"standard","meta":{"footnotes":""},"categories":[36],"tags":[],"class_list":["post-96995","post","type-post","status-publish","format-standard","has-post-thumbnail","hentry","category-edomex"],"_links":{"self":[{"href":"https:\/\/elinformante.mx\/index.php?rest_route=\/wp\/v2\/posts\/96995","targetHints":{"allow":["GET"]}}],"collection":[{"href":"https:\/\/elinformante.mx\/index.php?rest_route=\/wp\/v2\/posts"}],"about":[{"href":"https:\/\/elinformante.mx\/index.php?rest_route=\/wp\/v2\/types\/post"}],"author":[{"embeddable":true,"href":"https:\/\/elinformante.mx\/index.php?rest_route=\/wp\/v2\/users\/1"}],"replies":[{"embeddable":true,"href":"https:\/\/elinformante.mx\/index.php?rest_route=%2Fwp%2Fv2%2Fcomments&post=96995"}],"version-history":[{"count":0,"href":"https:\/\/elinformante.mx\/index.php?rest_route=\/wp\/v2\/posts\/96995\/revisions"}],"wp:featuredmedia":[{"embeddable":true,"href":"https:\/\/elinformante.mx\/index.php?rest_route=\/wp\/v2\/media\/96998"}],"wp:attachment":[{"href":"https:\/\/elinformante.mx\/index.php?rest_route=%2Fwp%2Fv2%2Fmedia&parent=96995"}],"wp:term":[{"taxonomy":"category","embeddable":true,"href":"https:\/\/elinformante.mx\/index.php?rest_route=%2Fwp%2Fv2%2Fcategories&post=96995"},{"taxonomy":"post_tag","embeddable":true,"href":"https:\/\/elinformante.mx\/index.php?rest_route=%2Fwp%2Fv2%2Ftags&post=96995"}],"curies":[{"name":"wp","href":"https:\/\/api.w.org\/{rel}","templated":true}]}}