{"id":96997,"date":"2025-12-03T05:49:15","date_gmt":"2025-12-03T11:49:15","guid":{"rendered":"https:\/\/elinformante.mx\/?p=96997"},"modified":"2025-12-03T05:49:19","modified_gmt":"2025-12-03T11:49:19","slug":"naucalpan-recupera-movilidad-segura-con-rehabilitacion-de-calles-y-avenidas-isaac-montoya","status":"publish","type":"post","link":"https:\/\/elinformante.mx\/?p=96997","title":{"rendered":"Naucalpan recupera movilidad segura con rehabilitaci\u00f3n de calles y avenidas: Isaac Montoya"},"content":{"rendered":"\n<figure class=\"wp-block-pullquote\"><blockquote><p>Reiter\u00f3 que los recursos de la administraci\u00f3n se aplicar\u00e1n siempre en beneficio de todas y todos los naucalpenses.<\/p><\/blockquote><\/figure>\n\n\n\n<p class=\"has-drop-cap\">El compromiso de rehabilitar 1 mill\u00f3n de metros cuadrados de calles y vialidades, para recuperar la movilidad digna en las comunidades, avanza con paso firme, con el programa de Rehabilitaci\u00f3n con Asfalto y dejando Huellas de la Transformaci\u00f3n con el bacheo en las comunidades, afirm\u00f3 el presidente municipal Isaac Montoya M\u00e1rquez.<br><\/p>\n\n\n\n<p>En sus recorridos por las comunidades, destac\u00f3 que se avanzar\u00e1 en lo que es com\u00fan y duele a la ciudadan\u00eda, y que afecta a la gran mayor\u00eda. A la vez que reiter\u00f3 que los recursos de la administraci\u00f3n se aplicar\u00e1n siempre en beneficio de todas y todos los naucalpenses.<br><\/p>\n\n\n\n<p>A trav\u00e9s del Programa de Rehabilitaci\u00f3n con Asfalto realizado por la direcci\u00f3n de Obras P\u00fablicas, se recuperan calles con pavimento asf\u00e1ltico por t\u00e9cnicas de recuperaci\u00f3n de la carpeta asf\u00e1ltica.<br><\/p>\n\n\n\n<p>Estas rehabilitaciones se realizan con la misma calidad, con la misma t\u00e9cnica para la mejora visible de las vialidades, en colonias como la 10 de abril y la Ahuizotla, entre otras, para de esta manera ir recuperando el derecho de la ciudadan\u00eda naucalpense a trasladarse de forma digna, de manera adecuada, con las condiciones m\u00ednimas aceptables para cualquier ciudadano que paga sus impuestos y que realmente est\u00e1 comprometido con esa transformaci\u00f3n de Naucalpan, subray\u00f3.<br><\/p>\n\n\n\n<p>Desde los primeros d\u00edas del Gobierno de la Transformaci\u00f3n, se trabaja para rehabilitar los baches que en un inicio predominaban en las v\u00edas de Naucalpan por el descuido de la administraci\u00f3n pasada, y se trabaja con recursos propios. En un primer momento, de la mano del Gobierno de la maestra Delfina G\u00f3mez, a trav\u00e9s de la Junta de Caminos, se avanz\u00f3 con el \u201cBachet\u00f3n\u201d, iniciativa del gobierno municipal y estatal para rehabilitar vialidades, aplicando asfalto para tapar baches, mejorar la seguridad y movilidad de los ciudadanos.<br><\/p>\n\n\n\n<p>Los trabajos incluyen bacheo profundo y tienen como objetivo reconstruir un mill\u00f3n de metros cuadrados de calles en tres a\u00f1os. En este primer a\u00f1o se adquirieron 27,500 bultos de mezcla fr\u00eda, 7,508 toneladas de mezcla caliente y 94,940 litros de emulsi\u00f3n para jornadas permanentes de bacheo en todo el municipio.<\/p>\n","protected":false},"excerpt":{"rendered":"<p>Reiter\u00f3 que los recursos de la administraci\u00f3n se aplicar\u00e1n siempre en beneficio de todas y todos los naucalpenses. El compromiso de rehabilitar 1 mill\u00f3n de metros cuadrados de calles y vialidades, para recuperar la movilidad digna en las comunidades, avanza con paso firme, con el programa de Rehabilitaci\u00f3n con Asfalto y dejando Huellas de la [&hellip;]<\/p>\n","protected":false},"author":1,"featured_media":97000,"comment_status":"closed","ping_status":"closed","sticky":false,"template":"","format":"standard","meta":{"footnotes":""},"categories":[36],"tags":[],"class_list":["post-96997","post","type-post","status-publish","format-standard","has-post-thumbnail","hentry","category-edomex"],"_links":{"self":[{"href":"https:\/\/elinformante.mx\/index.php?rest_route=\/wp\/v2\/posts\/96997","targetHints":{"allow":["GET"]}}],"collection":[{"href":"https:\/\/elinformante.mx\/index.php?rest_route=\/wp\/v2\/posts"}],"about":[{"href":"https:\/\/elinformante.mx\/index.php?rest_route=\/wp\/v2\/types\/post"}],"author":[{"embeddable":true,"href":"https:\/\/elinformante.mx\/index.php?rest_route=\/wp\/v2\/users\/1"}],"replies":[{"embeddable":true,"href":"https:\/\/elinformante.mx\/index.php?rest_route=%2Fwp%2Fv2%2Fcomments&post=96997"}],"version-history":[{"count":0,"href":"https:\/\/elinformante.mx\/index.php?rest_route=\/wp\/v2\/posts\/96997\/revisions"}],"wp:featuredmedia":[{"embeddable":true,"href":"https:\/\/elinformante.mx\/index.php?rest_route=\/wp\/v2\/media\/97000"}],"wp:attachment":[{"href":"https:\/\/elinformante.mx\/index.php?rest_route=%2Fwp%2Fv2%2Fmedia&parent=96997"}],"wp:term":[{"taxonomy":"category","embeddable":true,"href":"https:\/\/elinformante.mx\/index.php?rest_route=%2Fwp%2Fv2%2Fcategories&post=96997"},{"taxonomy":"post_tag","embeddable":true,"href":"https:\/\/elinformante.mx\/index.php?rest_route=%2Fwp%2Fv2%2Ftags&post=96997"}],"curies":[{"name":"wp","href":"https:\/\/api.w.org\/{rel}","templated":true}]}}