{"id":97003,"date":"2025-12-03T05:58:56","date_gmt":"2025-12-03T11:58:56","guid":{"rendered":"https:\/\/elinformante.mx\/?p=97003"},"modified":"2025-12-03T05:59:01","modified_gmt":"2025-12-03T11:59:01","slug":"encabeza-saray-benitez-encendido-del-arbol-navideno-en-mexicaltzingo","status":"publish","type":"post","link":"https:\/\/elinformante.mx\/?p=97003","title":{"rendered":"Encabeza Saray Ben\u00edtez encendido del \u00e1rbol navide\u00f1o en Mexicaltzingo"},"content":{"rendered":"\n<figure class=\"wp-block-pullquote\"><blockquote><p>Agradeci\u00f3 a todos los presentes por acompa\u00f1arla a compartir esta hermosa tradici\u00f3n.<\/p><\/blockquote><\/figure>\n\n\n\n<p class=\"has-drop-cap\">La presidenta municipal de Mexicaltzingo, Saray Ben\u00edtez Espinosa, llev\u00f3 a cabo el tradicional encendido del \u00c1rbol Navide\u00f1o, un momento lleno de alegr\u00eda, uni\u00f3n y esperanza para todas nuestras familias.<br><\/p>\n\n\n\n<figure class=\"wp-block-image size-large\"><img fetchpriority=\"high\" decoding=\"async\" width=\"1024\" height=\"506\" src=\"https:\/\/elinformante.mx\/wp-content\/uploads\/2025\/12\/11mexi-2-1024x506.jpg\" alt=\"\" class=\"wp-image-97008\" srcset=\"https:\/\/elinformante.mx\/wp-content\/uploads\/2025\/12\/11mexi-2-1024x506.jpg 1024w, https:\/\/elinformante.mx\/wp-content\/uploads\/2025\/12\/11mexi-2-300x148.jpg 300w, https:\/\/elinformante.mx\/wp-content\/uploads\/2025\/12\/11mexi-2-768x379.jpg 768w, https:\/\/elinformante.mx\/wp-content\/uploads\/2025\/12\/11mexi-2.jpg 1140w\" sizes=\"(max-width: 1024px) 100vw, 1024px\" \/><\/figure>\n\n\n\n<p>Ben\u00edtez Espinosa agradeci\u00f3 a todos los presentes por acompa\u00f1arla a compartir esta hermosa tradici\u00f3n, record\u00f3 que este momento ilumina al municipio, adem\u00e1s de fortalecer el esp\u00edritu comunitario.<br><\/p>\n\n\n\n<p>Pidi\u00f3 a todos los habitantes que durante esta temporada recuerden siempre la importancia de mantener la fe, la esperanza y seguir construyendo un Mexicaltzingo lleno de luz, paz y bienestar.<\/p>\n","protected":false},"excerpt":{"rendered":"<p>Agradeci\u00f3 a todos los presentes por acompa\u00f1arla a compartir esta hermosa tradici\u00f3n. La presidenta municipal de Mexicaltzingo, Saray Ben\u00edtez Espinosa, llev\u00f3 a cabo el tradicional encendido del \u00c1rbol Navide\u00f1o, un momento lleno de alegr\u00eda, uni\u00f3n y esperanza para todas nuestras familias. Ben\u00edtez Espinosa agradeci\u00f3 a todos los presentes por acompa\u00f1arla a compartir esta hermosa tradici\u00f3n, [&hellip;]<\/p>\n","protected":false},"author":1,"featured_media":97007,"comment_status":"closed","ping_status":"closed","sticky":false,"template":"","format":"standard","meta":{"footnotes":""},"categories":[36],"tags":[],"class_list":["post-97003","post","type-post","status-publish","format-standard","has-post-thumbnail","hentry","category-edomex"],"_links":{"self":[{"href":"https:\/\/elinformante.mx\/index.php?rest_route=\/wp\/v2\/posts\/97003","targetHints":{"allow":["GET"]}}],"collection":[{"href":"https:\/\/elinformante.mx\/index.php?rest_route=\/wp\/v2\/posts"}],"about":[{"href":"https:\/\/elinformante.mx\/index.php?rest_route=\/wp\/v2\/types\/post"}],"author":[{"embeddable":true,"href":"https:\/\/elinformante.mx\/index.php?rest_route=\/wp\/v2\/users\/1"}],"replies":[{"embeddable":true,"href":"https:\/\/elinformante.mx\/index.php?rest_route=%2Fwp%2Fv2%2Fcomments&post=97003"}],"version-history":[{"count":0,"href":"https:\/\/elinformante.mx\/index.php?rest_route=\/wp\/v2\/posts\/97003\/revisions"}],"wp:featuredmedia":[{"embeddable":true,"href":"https:\/\/elinformante.mx\/index.php?rest_route=\/wp\/v2\/media\/97007"}],"wp:attachment":[{"href":"https:\/\/elinformante.mx\/index.php?rest_route=%2Fwp%2Fv2%2Fmedia&parent=97003"}],"wp:term":[{"taxonomy":"category","embeddable":true,"href":"https:\/\/elinformante.mx\/index.php?rest_route=%2Fwp%2Fv2%2Fcategories&post=97003"},{"taxonomy":"post_tag","embeddable":true,"href":"https:\/\/elinformante.mx\/index.php?rest_route=%2Fwp%2Fv2%2Ftags&post=97003"}],"curies":[{"name":"wp","href":"https:\/\/api.w.org\/{rel}","templated":true}]}}