{"id":97009,"date":"2025-12-03T06:05:03","date_gmt":"2025-12-03T12:05:03","guid":{"rendered":"https:\/\/elinformante.mx\/?p=97009"},"modified":"2025-12-03T06:05:07","modified_gmt":"2025-12-03T12:05:07","slug":"promueve-ieem-espacios-para-sensibilizar-ante-la-violencia-acida-y-quimica","status":"publish","type":"post","link":"https:\/\/elinformante.mx\/?p=97009","title":{"rendered":"Promueve IEEM espacios para sensibilizar ante la violencia \u00e1cida y qu\u00edmica"},"content":{"rendered":"\n<figure class=\"wp-block-pullquote\"><blockquote><p>-En el marco de los 16 D\u00edas de Activismo contra la violencia de g\u00e9nero se desarroll\u00f3 una conferencia dictada por Carmen S\u00e1nchez y Ximena Reyes.<\/p><\/blockquote><\/figure>\n\n\n\n<p class=\"has-drop-cap\">El Instituto Electoral del Estado de M\u00e9xico (IEEM) llev\u00f3 a cabo la conferencia \u201c\u00a1Hoy levanto la voz!, Mujeres v\u00edctimas de violencia \u00e1cida y qu\u00edmica\u201d. El evento se realiz\u00f3 en el marco de los 16 D\u00edas de Activismo contra la violencia de g\u00e9nero, con el prop\u00f3sito de reconocer, concientizar y visibilizar las consecuencias f\u00edsicas, emocionales, sociales y legales de estos tipos de violencia.<br><\/p>\n\n\n\n<p>La Consejera Presidenta Amalia Pulido G\u00f3mez agradeci\u00f3 la presencia de las ponentes, reconociendo su lucha como un motor transformador en la manera en que M\u00e9xico comprende y enfrenta la violencia de g\u00e9nero. Se\u00f1al\u00f3 que los ataques con \u00e1cido y sustancias qu\u00edmicas representan una forma aguda de violencia, suscitada en relaciones de poder y de dominaci\u00f3n.<br><\/p>\n\n\n\n<p>Subray\u00f3 que esta agresi\u00f3n \u201cno es un simple delito de lesiones\u201d, sino violencia de g\u00e9nero extrema que busca destruir la vida, la identidad y la historia de las mujeres. Record\u00f3 que nombrar, reparar y visibilizar este tipo de violencia es un acto esencial de prevenci\u00f3n, y asegur\u00f3 que promover estos espacios y abrir plataformas es lo m\u00ednimo que podemos hacer como parte de una sociedad que enfrenta violencias de este calibre.<br><\/p>\n\n\n\n<p>Enfatiz\u00f3 que la democracia no solo se construye desde las urnas, los votos y los resultados, sino tambi\u00e9n desde la defensa de la dignidad y los derechos de todas las personas.<br><\/p>\n\n\n\n<p>Recalc\u00f3 que sin igualdad sustantiva y sin entornos libres de violencia, el ejercicio pleno de la ciudadan\u00eda se debilita. Por ello, reiter\u00f3 el compromiso del IEEM con la promoci\u00f3n de una sociedad donde las mujeres puedan ejercer sus libertades sin miedo y sin riesgo para su integridad.<br><\/p>\n\n\n\n<p>Informaron que en 2022 hubo 105 casos de ataques con qu\u00edmicos no accidentales contra mujeres en contextos de violencia, y que 46% de las personas agresoras eran parejas o exparejas sentimentales.<br><\/p>\n\n\n\n<p>Subray\u00f3 que falta armonizar la ley a nivel nacional y reformas integrales que incluyan atenci\u00f3n m\u00e9dica, psicol\u00f3gica y econ\u00f3mica.<br><\/p>\n\n\n\n<p>Cada a\u00f1o ocurren alrededor de 10 mil ataques con \u00e1cido y sustancias qu\u00edmicas en el mundo, cifra que no refleja la totalidad de casos debido al miedo y la estigmatizaci\u00f3n.<\/p>\n","protected":false},"excerpt":{"rendered":"<p>-En el marco de los 16 D\u00edas de Activismo contra la violencia de g\u00e9nero se desarroll\u00f3 una conferencia dictada por Carmen S\u00e1nchez y Ximena Reyes. El Instituto Electoral del Estado de M\u00e9xico (IEEM) llev\u00f3 a cabo la conferencia \u201c\u00a1Hoy levanto la voz!, Mujeres v\u00edctimas de violencia \u00e1cida y qu\u00edmica\u201d. El evento se realiz\u00f3 en el [&hellip;]<\/p>\n","protected":false},"author":1,"featured_media":97012,"comment_status":"closed","ping_status":"closed","sticky":false,"template":"","format":"standard","meta":{"footnotes":""},"categories":[36],"tags":[],"class_list":["post-97009","post","type-post","status-publish","format-standard","has-post-thumbnail","hentry","category-edomex"],"_links":{"self":[{"href":"https:\/\/elinformante.mx\/index.php?rest_route=\/wp\/v2\/posts\/97009","targetHints":{"allow":["GET"]}}],"collection":[{"href":"https:\/\/elinformante.mx\/index.php?rest_route=\/wp\/v2\/posts"}],"about":[{"href":"https:\/\/elinformante.mx\/index.php?rest_route=\/wp\/v2\/types\/post"}],"author":[{"embeddable":true,"href":"https:\/\/elinformante.mx\/index.php?rest_route=\/wp\/v2\/users\/1"}],"replies":[{"embeddable":true,"href":"https:\/\/elinformante.mx\/index.php?rest_route=%2Fwp%2Fv2%2Fcomments&post=97009"}],"version-history":[{"count":0,"href":"https:\/\/elinformante.mx\/index.php?rest_route=\/wp\/v2\/posts\/97009\/revisions"}],"wp:featuredmedia":[{"embeddable":true,"href":"https:\/\/elinformante.mx\/index.php?rest_route=\/wp\/v2\/media\/97012"}],"wp:attachment":[{"href":"https:\/\/elinformante.mx\/index.php?rest_route=%2Fwp%2Fv2%2Fmedia&parent=97009"}],"wp:term":[{"taxonomy":"category","embeddable":true,"href":"https:\/\/elinformante.mx\/index.php?rest_route=%2Fwp%2Fv2%2Fcategories&post=97009"},{"taxonomy":"post_tag","embeddable":true,"href":"https:\/\/elinformante.mx\/index.php?rest_route=%2Fwp%2Fv2%2Ftags&post=97009"}],"curies":[{"name":"wp","href":"https:\/\/api.w.org\/{rel}","templated":true}]}}