{"id":97015,"date":"2025-12-03T06:11:59","date_gmt":"2025-12-03T12:11:59","guid":{"rendered":"https:\/\/elinformante.mx\/?p=97015"},"modified":"2025-12-03T06:12:03","modified_gmt":"2025-12-03T12:12:03","slug":"refuerza-gem-medidas-para-el-ingreso-y-estancia-segura-de-migrantes-mexiquenses","status":"publish","type":"post","link":"https:\/\/elinformante.mx\/?p=97015","title":{"rendered":"Refuerza GEM medidas para el ingreso y estancia segura de migrantes mexiquenses"},"content":{"rendered":"\n<figure class=\"wp-block-pullquote\"><blockquote><p>-Instala 14 m\u00f3dulos de atenci\u00f3n en los que se brinda asistencia, servicios mec\u00e1nicos, servicios de salud, informaci\u00f3n tur\u00edstica, orientaci\u00f3n, entre otros.<\/p><\/blockquote><\/figure>\n\n\n\n<p class=\"has-drop-cap\">El Gobierno de la maestra Delfina G\u00f3mez \u00c1lvarez puso en marcha el Operativo de Invierno 2025\u20132026 del Programa Migrante Mexiquense con el objetivo de reforzar la atenci\u00f3n, seguridad y apoyo a los connacionales que retornan al Estado de M\u00e9xico con motivo del periodo vacacional y fiestas decembrinas.<br><\/p>\n\n\n\n<p>Hasta el 9 de enero se implementa una estrategia interinstitucional que busca garantizar el ingreso, tr\u00e1nsito y estancia segura de nuestros connacionales por la entidad, mediante diversas acciones coordinadas entre dependencias federales, estatales y municipales, y con ello evitar que sean v\u00edctimas de alg\u00fan abuso o extorsi\u00f3n.<br><\/p>\n\n\n\n<p>Entre las acciones destaca el reforzamiento de la seguridad en la red carretera estatal, as\u00ed como la instalaci\u00f3n de 14 m\u00f3dulos de atenci\u00f3n a lo largo del territorio mexiquense, donde se brindar\u00e1 asistencia, servicios mec\u00e1nicos, servicios de salud, informaci\u00f3n tur\u00edstica, orientaci\u00f3n, entre otros, las 24 horas.<br><\/p>\n\n\n\n<p>Asimismo, se habilitaron cinco m\u00f3dulos reforzados por personal de la Coordinaci\u00f3n de Asuntos Internacionales, Secretar\u00eda de Seguridad, Fiscal\u00eda General de Justicia y el Instituto de Salud del Estado de M\u00e9xico, en los principales puntos de acceso a la entidad: Tepotzotl\u00e1n, Atlacomulco, Tenango del Valle, Temascaltepec y Toluca, para atender cualquier tipo de emergencia.<br><\/p>\n\n\n\n<p>Adem\u00e1s, con la finalidad de facilitar el tr\u00e1nsito por el Estado de M\u00e9xico, todos los veh\u00edculos con placas extranjeras que porten permiso de importaci\u00f3n temporal vigente quedan exentos del programa \u201cHoy No Circula\u201d hasta el 9 de enero de 2026, fecha en que concluye el Operativo de Invierno.<br><\/p>\n\n\n\n<p>Como apoyo adicional, se organizar\u00e1n caravanas para escoltar a los migrantes desde su entrada al Estado de M\u00e9xico hasta sus comunidades de origen, con el prop\u00f3sito de garantizar su traslado seguro, as\u00ed como el de sus bienes y mercanc\u00edas.<br><\/p>\n\n\n\n<p>Asimismo, se conjuntaron esfuerzos con el Programa Paisano del Instituto Nacional de Migraci\u00f3n, con el objetivo de fortalecerlos en una estrategia integral de protecci\u00f3n a los mexicanos que visitar\u00e1n y transitar\u00e1n por el Estado de M\u00e9xico.<br><\/p>\n\n\n\n<p>El Gobierno del Estado de M\u00e9xico, pone a disposici\u00f3n, de manera gratuita, la L\u00ednea Migrante Mexiquense: desde Estados Unidos al +1 877 399 500 y desde cualquier parte de la Rep\u00fablica Mexicana al 1 800 696 96 96, las 24 horas, los 365 d\u00edas del a\u00f1o, para brindar asesor\u00eda y orientaci\u00f3n en caso de ser requerido.<br><\/p>\n\n\n\n<p>Con estas acciones, el Gobierno del Estado de M\u00e9xico reafirma su compromiso con la protecci\u00f3n, atenci\u00f3n y acompa\u00f1amiento de la comunidad migrante que regresa a su tierra durante las fiestas decembrinas.<\/p>\n","protected":false},"excerpt":{"rendered":"<p>-Instala 14 m\u00f3dulos de atenci\u00f3n en los que se brinda asistencia, servicios mec\u00e1nicos, servicios de salud, informaci\u00f3n tur\u00edstica, orientaci\u00f3n, entre otros. El Gobierno de la maestra Delfina G\u00f3mez \u00c1lvarez puso en marcha el Operativo de Invierno 2025\u20132026 del Programa Migrante Mexiquense con el objetivo de reforzar la atenci\u00f3n, seguridad y apoyo a los connacionales que [&hellip;]<\/p>\n","protected":false},"author":1,"featured_media":97016,"comment_status":"closed","ping_status":"closed","sticky":false,"template":"","format":"standard","meta":{"footnotes":""},"categories":[36],"tags":[],"class_list":["post-97015","post","type-post","status-publish","format-standard","has-post-thumbnail","hentry","category-edomex"],"_links":{"self":[{"href":"https:\/\/elinformante.mx\/index.php?rest_route=\/wp\/v2\/posts\/97015","targetHints":{"allow":["GET"]}}],"collection":[{"href":"https:\/\/elinformante.mx\/index.php?rest_route=\/wp\/v2\/posts"}],"about":[{"href":"https:\/\/elinformante.mx\/index.php?rest_route=\/wp\/v2\/types\/post"}],"author":[{"embeddable":true,"href":"https:\/\/elinformante.mx\/index.php?rest_route=\/wp\/v2\/users\/1"}],"replies":[{"embeddable":true,"href":"https:\/\/elinformante.mx\/index.php?rest_route=%2Fwp%2Fv2%2Fcomments&post=97015"}],"version-history":[{"count":0,"href":"https:\/\/elinformante.mx\/index.php?rest_route=\/wp\/v2\/posts\/97015\/revisions"}],"wp:featuredmedia":[{"embeddable":true,"href":"https:\/\/elinformante.mx\/index.php?rest_route=\/wp\/v2\/media\/97016"}],"wp:attachment":[{"href":"https:\/\/elinformante.mx\/index.php?rest_route=%2Fwp%2Fv2%2Fmedia&parent=97015"}],"wp:term":[{"taxonomy":"category","embeddable":true,"href":"https:\/\/elinformante.mx\/index.php?rest_route=%2Fwp%2Fv2%2Fcategories&post=97015"},{"taxonomy":"post_tag","embeddable":true,"href":"https:\/\/elinformante.mx\/index.php?rest_route=%2Fwp%2Fv2%2Ftags&post=97015"}],"curies":[{"name":"wp","href":"https:\/\/api.w.org\/{rel}","templated":true}]}}