{"id":97028,"date":"2025-12-03T06:34:20","date_gmt":"2025-12-03T12:34:20","guid":{"rendered":"https:\/\/elinformante.mx\/?p=97028"},"modified":"2025-12-03T06:34:24","modified_gmt":"2025-12-03T12:34:24","slug":"declara-congreso-cdmx-el-25-de-enero-como-el-dia-de-la-bombera-y-el-bombero","status":"publish","type":"post","link":"https:\/\/elinformante.mx\/?p=97028","title":{"rendered":"Declara Congreso CDMX el 25 de enero como el \u201cD\u00eda de la Bombera y el Bombero\u201d"},"content":{"rendered":"\n<figure class=\"wp-block-pullquote\"><blockquote><p>-Con votaci\u00f3n un\u00e1nime el Congreso capitalino aprob\u00f3 el dictamen.<\/p><\/blockquote><\/figure>\n\n\n\n<p class=\"has-drop-cap\">El Congreso capitalino aprob\u00f3 el dictamen para declarar el 25 de enero como el D\u00eda de la Bombera y el Bombero de la Ciudad de M\u00e9xico, como un reconocimiento a la labor que realiza el Heroico Cuerpo de Bomberos, con base en el decreto firmado por el presidente Ignacio Comonfort, que establece la creaci\u00f3n de un cuerpo de zapadores bomberos el 25 de enero de 1856.<br><\/p>\n\n\n\n<p>El director general del Heroico Cuerpo de Bomberos, primer superintendente Juan Manuel P\u00e9rez Cova, se\u00f1al\u00f3 que la aprobaci\u00f3n de esta iniciativa reivindica a Bomberos y permite contar una versi\u00f3n de la historia que no se conoc\u00eda.<br><\/p>\n\n\n\n<figure class=\"wp-block-image size-large\"><img fetchpriority=\"high\" decoding=\"async\" width=\"1024\" height=\"506\" src=\"https:\/\/elinformante.mx\/wp-content\/uploads\/2025\/12\/5declara-1024x506.jpg\" alt=\"\" class=\"wp-image-97034\" srcset=\"https:\/\/elinformante.mx\/wp-content\/uploads\/2025\/12\/5declara-1024x506.jpg 1024w, https:\/\/elinformante.mx\/wp-content\/uploads\/2025\/12\/5declara-300x148.jpg 300w, https:\/\/elinformante.mx\/wp-content\/uploads\/2025\/12\/5declara-768x379.jpg 768w, https:\/\/elinformante.mx\/wp-content\/uploads\/2025\/12\/5declara.jpg 1140w\" sizes=\"(max-width: 1024px) 100vw, 1024px\" \/><\/figure>\n\n\n\n<p>La iniciativa fue presentada el 18 de septiembre de este a\u00f1o, por las diputadas X\u00f3chitl Bravo Espinosa y Brenda Ruiz Aguilar, con el objetivo de hacer un reconocimiento a la labor heroica de quienes salvaguardan de manera cotidiana la vida de los habitantes, visitantes y seres sintientes en la capital del pa\u00eds, en particular a las mujeres bomberas.<br><\/p>\n\n\n\n<p>Al fundamentar el dictamen, el diputado V\u00edctor Hugo Lobo Rodr\u00edguez se\u00f1al\u00f3 que se busca reconocer y valorar a las y los integrantes de una de las instituciones m\u00e1s nobles, m\u00e1s queridas y m\u00e1s admiradas por la poblaci\u00f3n, como lo es el Heroico Cuerpo de Bomberos de la Ciudad de M\u00e9xico.<\/p>\n","protected":false},"excerpt":{"rendered":"<p>-Con votaci\u00f3n un\u00e1nime el Congreso capitalino aprob\u00f3 el dictamen. El Congreso capitalino aprob\u00f3 el dictamen para declarar el 25 de enero como el D\u00eda de la Bombera y el Bombero de la Ciudad de M\u00e9xico, como un reconocimiento a la labor que realiza el Heroico Cuerpo de Bomberos, con base en el decreto firmado por [&hellip;]<\/p>\n","protected":false},"author":1,"featured_media":97033,"comment_status":"closed","ping_status":"closed","sticky":false,"template":"","format":"standard","meta":{"footnotes":""},"categories":[35,30],"tags":[],"class_list":["post-97028","post","type-post","status-publish","format-standard","has-post-thumbnail","hentry","category-cdmx","category-destacado"],"_links":{"self":[{"href":"https:\/\/elinformante.mx\/index.php?rest_route=\/wp\/v2\/posts\/97028","targetHints":{"allow":["GET"]}}],"collection":[{"href":"https:\/\/elinformante.mx\/index.php?rest_route=\/wp\/v2\/posts"}],"about":[{"href":"https:\/\/elinformante.mx\/index.php?rest_route=\/wp\/v2\/types\/post"}],"author":[{"embeddable":true,"href":"https:\/\/elinformante.mx\/index.php?rest_route=\/wp\/v2\/users\/1"}],"replies":[{"embeddable":true,"href":"https:\/\/elinformante.mx\/index.php?rest_route=%2Fwp%2Fv2%2Fcomments&post=97028"}],"version-history":[{"count":0,"href":"https:\/\/elinformante.mx\/index.php?rest_route=\/wp\/v2\/posts\/97028\/revisions"}],"wp:featuredmedia":[{"embeddable":true,"href":"https:\/\/elinformante.mx\/index.php?rest_route=\/wp\/v2\/media\/97033"}],"wp:attachment":[{"href":"https:\/\/elinformante.mx\/index.php?rest_route=%2Fwp%2Fv2%2Fmedia&parent=97028"}],"wp:term":[{"taxonomy":"category","embeddable":true,"href":"https:\/\/elinformante.mx\/index.php?rest_route=%2Fwp%2Fv2%2Fcategories&post=97028"},{"taxonomy":"post_tag","embeddable":true,"href":"https:\/\/elinformante.mx\/index.php?rest_route=%2Fwp%2Fv2%2Ftags&post=97028"}],"curies":[{"name":"wp","href":"https:\/\/api.w.org\/{rel}","templated":true}]}}