{"id":97030,"date":"2025-12-03T06:32:18","date_gmt":"2025-12-03T12:32:18","guid":{"rendered":"https:\/\/elinformante.mx\/?p=97030"},"modified":"2025-12-03T06:32:23","modified_gmt":"2025-12-03T12:32:23","slug":"orquesta-filarmonica-de-cdmx-despedira-su-temporada-2025-con-conciertos-navidenos","status":"publish","type":"post","link":"https:\/\/elinformante.mx\/?p=97030","title":{"rendered":"Orquesta Filarm\u00f3nica de CDMX despedir\u00e1 su temporada 2025 con conciertos navide\u00f1os"},"content":{"rendered":"\n<figure class=\"wp-block-pullquote\"><blockquote><p>-La agrupaci\u00f3n ser\u00e1 dirigida por el maestro Rodrigo Elorduy, quien es originario de la Ciudad de M\u00e9xico y tiene una gran trayectoria art\u00edstica<\/p><\/blockquote><\/figure>\n\n\n\n<p class=\"has-drop-cap\">La Orquesta Filarm\u00f3nica de la Ciudad de M\u00e9xico (OFCM), agrupaci\u00f3n de la Secretar\u00eda de Cultura capitalina, concluir\u00e1 su temporada 2025 con un cl\u00e1sico y c\u00e1lido concierto navide\u00f1o el s\u00e1bado 6 y el domingo 7 de diciembre en la Sala Silvestre Revueltas del Centro Cultural Ollin Yoliztli, bajo la batuta del maestro Rodrigo Elorduy.<br><\/p>\n\n\n\n<p>El programa estar\u00e1 integrado por Obertura navide\u00f1a de Otto Nicolai; Sursum Corda de Frederic d\u2019Erlanger; Despertad, nos llama la voz de Johann Sebastian Bach-Ottorino Respighi; Mellanspel de S\u00e5ngen de Wilhelm Stenhammar; y finalmente, Suite irlandesa, Un festival de Navidad y Paseo en trineo de Leroy Anderson.<br><\/p>\n\n\n\n<p>Una de las piezas que compondr\u00e1n el programa es Obertura navide\u00f1a de Carl Otto Ehrenfried Nicolai, creada en 1833 utilizando como cimiento el conocido coral luterano de Navidad Vom Himmel hoch, da komm ich her de Mart\u00edn Lutero.<br><\/p>\n\n\n\n<p>Con este par de presentaciones, la OFCM concluir\u00e1 otra temporada exitosa en la que se ha dedicado a llevar la m\u00fasica a diversos espacios de la capital, con el objetivo de acercar la cultura y al arte a la ciudadan\u00eda. As\u00ed, reafirma su misi\u00f3n art\u00edstica y social, invitando al p\u00fablico a disfrutar de la temporada navide\u00f1a y dejando claro que la orquesta es un pilar fundamental de la escena musical y la construcci\u00f3n de comunidad alrededor del arte en la Ciudad de M\u00e9xico.<br><\/p>\n\n\n\n<p>Los conciertos navide\u00f1os se realizar\u00e1n el s\u00e1bado 20 a las 18 horas y el domingo 21 de diciembre a las 12:30 horas en la Sala Silvestre Revueltas del Centro Cultural Ollin Yoliztli, ubicada en Perif\u00e9rico Sur 5141. Los boletos se pueden adquirir en taquilla y hay 50% de descuento para estudiantes, maestros, INAPAM y empleados del Gobierno de la Ciudad de M\u00e9xico.<br><\/p>\n\n\n\n<p>Recuerda que los conciertos anteriores se retransmiten en Miradas a nuestro acervo el s\u00e1bado 6 a las 13 horas a trav\u00e9s de la frecuencia de C\u00f3digo Radio y el domingo 7 de diciembre a las 12 horas, en Opus 94 del Instituto Mexicano de la Radio (IMER).<\/p>\n","protected":false},"excerpt":{"rendered":"<p>-La agrupaci\u00f3n ser\u00e1 dirigida por el maestro Rodrigo Elorduy, quien es originario de la Ciudad de M\u00e9xico y tiene una gran trayectoria art\u00edstica La Orquesta Filarm\u00f3nica de la Ciudad de M\u00e9xico (OFCM), agrupaci\u00f3n de la Secretar\u00eda de Cultura capitalina, concluir\u00e1 su temporada 2025 con un cl\u00e1sico y c\u00e1lido concierto navide\u00f1o el s\u00e1bado 6 y el [&hellip;]<\/p>\n","protected":false},"author":1,"featured_media":97031,"comment_status":"closed","ping_status":"closed","sticky":false,"template":"","format":"standard","meta":{"footnotes":""},"categories":[35],"tags":[],"class_list":["post-97030","post","type-post","status-publish","format-standard","has-post-thumbnail","hentry","category-cdmx"],"_links":{"self":[{"href":"https:\/\/elinformante.mx\/index.php?rest_route=\/wp\/v2\/posts\/97030","targetHints":{"allow":["GET"]}}],"collection":[{"href":"https:\/\/elinformante.mx\/index.php?rest_route=\/wp\/v2\/posts"}],"about":[{"href":"https:\/\/elinformante.mx\/index.php?rest_route=\/wp\/v2\/types\/post"}],"author":[{"embeddable":true,"href":"https:\/\/elinformante.mx\/index.php?rest_route=\/wp\/v2\/users\/1"}],"replies":[{"embeddable":true,"href":"https:\/\/elinformante.mx\/index.php?rest_route=%2Fwp%2Fv2%2Fcomments&post=97030"}],"version-history":[{"count":0,"href":"https:\/\/elinformante.mx\/index.php?rest_route=\/wp\/v2\/posts\/97030\/revisions"}],"wp:featuredmedia":[{"embeddable":true,"href":"https:\/\/elinformante.mx\/index.php?rest_route=\/wp\/v2\/media\/97031"}],"wp:attachment":[{"href":"https:\/\/elinformante.mx\/index.php?rest_route=%2Fwp%2Fv2%2Fmedia&parent=97030"}],"wp:term":[{"taxonomy":"category","embeddable":true,"href":"https:\/\/elinformante.mx\/index.php?rest_route=%2Fwp%2Fv2%2Fcategories&post=97030"},{"taxonomy":"post_tag","embeddable":true,"href":"https:\/\/elinformante.mx\/index.php?rest_route=%2Fwp%2Fv2%2Ftags&post=97030"}],"curies":[{"name":"wp","href":"https:\/\/api.w.org\/{rel}","templated":true}]}}