{"id":97032,"date":"2025-12-03T06:37:28","date_gmt":"2025-12-03T12:37:28","guid":{"rendered":"https:\/\/elinformante.mx\/?p=97032"},"modified":"2025-12-03T06:37:33","modified_gmt":"2025-12-03T12:37:33","slug":"trabajamos-en-guerrero-para-salvaguardar-la-vida-y-la-integridad-de-los-guerrerenses-evelyn-salgado","status":"publish","type":"post","link":"https:\/\/elinformante.mx\/?p=97032","title":{"rendered":"Trabajamos en Guerrero para salvaguardar la vida y la integridad de los guerrerenses: Evelyn Salgado"},"content":{"rendered":"\n<figure class=\"wp-block-pullquote\"><blockquote><p>-Encabeza la gobernadora los trabajos del Comit\u00e9 Estatal de Manejo del Fuego 2025, destacando la disminuci\u00f3n de incendios en relaci\u00f3n con el a\u00f1o pasado.<\/p><\/blockquote><\/figure>\n\n\n\n<p class=\"has-drop-cap\">\u201cEn Guerrero hay un gobierno y hay muchas instituciones, miles de hombres y mujeres, que estamos trabajando precisamente para prevenir y salvaguardar el patrimonio, la vida y la integridad de las y los guerrerenses\u201d, se\u00f1al\u00f3 la gobernadora Evelyn Salgado Pineda, al encabezar los trabajos del Comit\u00e9 Estatal de Manejo del Fuego 2025, donde se inform\u00f3 sobre las acciones de prevenci\u00f3n, atenci\u00f3n y combate, que se realizaron en este periodo.<br><\/p>\n\n\n\n<p>En el evento realizado en las instalaciones de la Octava Regi\u00f3n Naval, la mandataria estatal destac\u00f3 que, gracias a la coordinaci\u00f3n de esfuerzos, se logr\u00f3 tener resultados positivos en materia de atenci\u00f3n, mediante una visi\u00f3n integral del manejo del fuego, en donde la participaci\u00f3n de todos es fundamental. Al respecto, subray\u00f3 que la administraci\u00f3n que encabeza asume esta tarea con absoluta claridad, impulsando la coordinaci\u00f3n institucional, el fortalecimiento de capacidades y la presencia del Estado en todo el territorio. Salgado Pineda agradeci\u00f3 la participaci\u00f3n de todos los que hacen posible las diversas tareas de atenci\u00f3n a los incendios forestales.<br><\/p>\n\n\n\n<p>Enfatiz\u00f3 que es importante seguir trabajando en el tema de la Protecci\u00f3n Civil y de la prevenci\u00f3n, por ello pidi\u00f3 a la poblaci\u00f3n estar atenta a los avisos emitidos por las autoridades a trav\u00e9s de los canales oficiales. Y de la mano con este tema, la mandataria estatal mencion\u00f3 que este a\u00f1o, la entidad cerr\u00f3 con saldo blanco la temporada de lluvias y ciclones tropicales 2025, lo que es resultado del trabajo y esfuerzo de las instituciones y de la sociedad guerrerense, priorizando la cultura de la prevenci\u00f3n.<br><\/p>\n\n\n\n<p>El titular de la Oficina de Representaci\u00f3n de la Comisi\u00f3n Nacional Forestal (Conafor) en Guerrero, Carlos Toledo Manzur, inform\u00f3 que en el 2025 se registraron 261 incendios forestales, con una afectaci\u00f3n de 106 mil 182 hect\u00e1reas y un total de 21 mil 700 jornales empleados. Destac\u00f3 que hubo una disminuci\u00f3n en la incidencia de estos fen\u00f3menos en comparaci\u00f3n con el 2024; dijo que esto es resultado de la coordinaci\u00f3n interinstitucional en prevenci\u00f3n y combate de incendios.<\/p>\n","protected":false},"excerpt":{"rendered":"<p>-Encabeza la gobernadora los trabajos del Comit\u00e9 Estatal de Manejo del Fuego 2025, destacando la disminuci\u00f3n de incendios en relaci\u00f3n con el a\u00f1o pasado. \u201cEn Guerrero hay un gobierno y hay muchas instituciones, miles de hombres y mujeres, que estamos trabajando precisamente para prevenir y salvaguardar el patrimonio, la vida y la integridad de las [&hellip;]<\/p>\n","protected":false},"author":1,"featured_media":97036,"comment_status":"closed","ping_status":"closed","sticky":false,"template":"","format":"standard","meta":{"footnotes":""},"categories":[34],"tags":[],"class_list":["post-97032","post","type-post","status-publish","format-standard","has-post-thumbnail","hentry","category-nacional"],"_links":{"self":[{"href":"https:\/\/elinformante.mx\/index.php?rest_route=\/wp\/v2\/posts\/97032","targetHints":{"allow":["GET"]}}],"collection":[{"href":"https:\/\/elinformante.mx\/index.php?rest_route=\/wp\/v2\/posts"}],"about":[{"href":"https:\/\/elinformante.mx\/index.php?rest_route=\/wp\/v2\/types\/post"}],"author":[{"embeddable":true,"href":"https:\/\/elinformante.mx\/index.php?rest_route=\/wp\/v2\/users\/1"}],"replies":[{"embeddable":true,"href":"https:\/\/elinformante.mx\/index.php?rest_route=%2Fwp%2Fv2%2Fcomments&post=97032"}],"version-history":[{"count":0,"href":"https:\/\/elinformante.mx\/index.php?rest_route=\/wp\/v2\/posts\/97032\/revisions"}],"wp:featuredmedia":[{"embeddable":true,"href":"https:\/\/elinformante.mx\/index.php?rest_route=\/wp\/v2\/media\/97036"}],"wp:attachment":[{"href":"https:\/\/elinformante.mx\/index.php?rest_route=%2Fwp%2Fv2%2Fmedia&parent=97032"}],"wp:term":[{"taxonomy":"category","embeddable":true,"href":"https:\/\/elinformante.mx\/index.php?rest_route=%2Fwp%2Fv2%2Fcategories&post=97032"},{"taxonomy":"post_tag","embeddable":true,"href":"https:\/\/elinformante.mx\/index.php?rest_route=%2Fwp%2Fv2%2Ftags&post=97032"}],"curies":[{"name":"wp","href":"https:\/\/api.w.org\/{rel}","templated":true}]}}