{"id":97035,"date":"2025-12-03T06:42:43","date_gmt":"2025-12-03T12:42:43","guid":{"rendered":"https:\/\/elinformante.mx\/?p=97035"},"modified":"2025-12-03T06:42:47","modified_gmt":"2025-12-03T12:42:47","slug":"marina-del-pilar-fortalece-a-la-fiscalia-del-estado-entregando-100-patrullas-nuevas","status":"publish","type":"post","link":"https:\/\/elinformante.mx\/?p=97035","title":{"rendered":"Marina del Pilar fortalece a la Fiscal\u00eda del estado entregando 100 patrullas nuevas"},"content":{"rendered":"\n<figure class=\"wp-block-pullquote\"><blockquote><p>Reiter\u00f3 su reconocimiento al equipo de la Fiscal\u00eda General del Estado y destac\u00f3 que el trabajo coordinado con la instituci\u00f3n seguir\u00e1 fortaleci\u00e9ndose.<\/p><\/blockquote><\/figure>\n\n\n\n<p class=\"has-drop-cap\">Con el objetivo de mejorar la capacidad de reacci\u00f3n y las labores de investigaci\u00f3n, la gobernadora Marina del Pilar Avila Olmeda encabez\u00f3 la entrega de 100 nuevas patrullas y equipamiento t\u00e1ctico para la Agencia Estatal de Investigaci\u00f3n, resultado de una gesti\u00f3n directa realizada para dotar de veh\u00edculos operativos a la corporaci\u00f3n, con lo que se fortalecer\u00e1 el trabajo operativo de la Fiscal\u00eda General del Estado (FGE).<br><\/p>\n\n\n\n<p>La gobernadora explic\u00f3 que esta acci\u00f3n forma parte de la pol\u00edtica p\u00fablica de seguridad orientada a modernizar las capacidades t\u00e9cnicas y operativas de las instituciones encargadas de la procuraci\u00f3n de justicia y la investigaci\u00f3n criminal en los siete municipios.<br><\/p>\n\n\n\n<p>En su intervenci\u00f3n, la fiscal general Ma. Elena Andrade Ram\u00edrez explic\u00f3 que la Fiscal\u00eda present\u00f3 la necesidad operativa de contar con nuevas unidades y que, mediante un trabajo de coordinaci\u00f3n con el Gobierno del Estado, fue posible el proceso de adquisici\u00f3n para atender oportunamente las demandas de los equipos de investigaci\u00f3n en los 7 municipios de la entidad.<br><\/p>\n\n\n\n<figure class=\"wp-block-image size-large\"><img fetchpriority=\"high\" decoding=\"async\" width=\"1024\" height=\"506\" src=\"https:\/\/elinformante.mx\/wp-content\/uploads\/2025\/12\/4marina-2-1024x506.jpg\" alt=\"\" class=\"wp-image-97039\" srcset=\"https:\/\/elinformante.mx\/wp-content\/uploads\/2025\/12\/4marina-2-1024x506.jpg 1024w, https:\/\/elinformante.mx\/wp-content\/uploads\/2025\/12\/4marina-2-300x148.jpg 300w, https:\/\/elinformante.mx\/wp-content\/uploads\/2025\/12\/4marina-2-768x379.jpg 768w, https:\/\/elinformante.mx\/wp-content\/uploads\/2025\/12\/4marina-2.jpg 1140w\" sizes=\"(max-width: 1024px) 100vw, 1024px\" \/><\/figure>\n\n\n\n<p>La titular de la Fiscal\u00eda agreg\u00f3 que la corporaci\u00f3n ha enfrentado casos recientes de alto impacto que se han resuelto mediante investigaci\u00f3n t\u00e9cnica y trabajo coordinado, por lo que el nuevo equipamiento permitir\u00e1 sostener estos resultados y fortalecer a las comandancias responsables de las intervenciones especializadas.<br><\/p>\n\n\n\n<p>Por su parte, el presidente de Canaco Mexicali, Jos\u00e9 Antonio Villa Gonz\u00e1lez, destac\u00f3 que el fortalecimiento de la seguridad es determinante para el crecimiento econ\u00f3mico de la ciudad y reconoci\u00f3 la voluntad de la gobernadora Marina del Pilar para dotar a la Fiscal\u00eda de unidades y equipo que mejorar\u00e1n la capacidad operativa, al subrayar que la colaboraci\u00f3n entre gobierno y sector empresarial es indispensable para generar entornos seguros para la inversi\u00f3n, los negocios y las familias.<br><\/p>\n\n\n\n<p>Avila Olmeda reiter\u00f3 su reconocimiento al equipo de la Fiscal\u00eda General del Estado y destac\u00f3 que el trabajo coordinado con la instituci\u00f3n seguir\u00e1 fortaleci\u00e9ndose, al subrayar que su administraci\u00f3n mantendr\u00e1 el respaldo necesario para consolidar una procuraci\u00f3n de justicia m\u00e1s s\u00f3lida y cercana a la ciudadan\u00eda.<\/p>\n","protected":false},"excerpt":{"rendered":"<p>Reiter\u00f3 su reconocimiento al equipo de la Fiscal\u00eda General del Estado y destac\u00f3 que el trabajo coordinado con la instituci\u00f3n seguir\u00e1 fortaleci\u00e9ndose. Con el objetivo de mejorar la capacidad de reacci\u00f3n y las labores de investigaci\u00f3n, la gobernadora Marina del Pilar Avila Olmeda encabez\u00f3 la entrega de 100 nuevas patrullas y equipamiento t\u00e1ctico para la [&hellip;]<\/p>\n","protected":false},"author":1,"featured_media":97038,"comment_status":"closed","ping_status":"closed","sticky":false,"template":"","format":"standard","meta":{"footnotes":""},"categories":[30,34],"tags":[],"class_list":["post-97035","post","type-post","status-publish","format-standard","has-post-thumbnail","hentry","category-destacado","category-nacional"],"_links":{"self":[{"href":"https:\/\/elinformante.mx\/index.php?rest_route=\/wp\/v2\/posts\/97035","targetHints":{"allow":["GET"]}}],"collection":[{"href":"https:\/\/elinformante.mx\/index.php?rest_route=\/wp\/v2\/posts"}],"about":[{"href":"https:\/\/elinformante.mx\/index.php?rest_route=\/wp\/v2\/types\/post"}],"author":[{"embeddable":true,"href":"https:\/\/elinformante.mx\/index.php?rest_route=\/wp\/v2\/users\/1"}],"replies":[{"embeddable":true,"href":"https:\/\/elinformante.mx\/index.php?rest_route=%2Fwp%2Fv2%2Fcomments&post=97035"}],"version-history":[{"count":0,"href":"https:\/\/elinformante.mx\/index.php?rest_route=\/wp\/v2\/posts\/97035\/revisions"}],"wp:featuredmedia":[{"embeddable":true,"href":"https:\/\/elinformante.mx\/index.php?rest_route=\/wp\/v2\/media\/97038"}],"wp:attachment":[{"href":"https:\/\/elinformante.mx\/index.php?rest_route=%2Fwp%2Fv2%2Fmedia&parent=97035"}],"wp:term":[{"taxonomy":"category","embeddable":true,"href":"https:\/\/elinformante.mx\/index.php?rest_route=%2Fwp%2Fv2%2Fcategories&post=97035"},{"taxonomy":"post_tag","embeddable":true,"href":"https:\/\/elinformante.mx\/index.php?rest_route=%2Fwp%2Fv2%2Ftags&post=97035"}],"curies":[{"name":"wp","href":"https:\/\/api.w.org\/{rel}","templated":true}]}}