{"id":97037,"date":"2025-12-03T06:47:22","date_gmt":"2025-12-03T12:47:22","guid":{"rendered":"https:\/\/elinformante.mx\/?p=97037"},"modified":"2025-12-03T06:47:28","modified_gmt":"2025-12-03T12:47:28","slug":"aprueba-senado-reforma-para-garantizar-la-seguridad-digital-de-las-ninas-ninos-y-adolescentes","status":"publish","type":"post","link":"https:\/\/elinformante.mx\/?p=97037","title":{"rendered":"Aprueba Senado reforma para garantizar la seguridad digital de las ni\u00f1as, ni\u00f1os y adolescentes"},"content":{"rendered":"\n<figure class=\"wp-block-pullquote\"><blockquote><p>-En M\u00e9xico, 2.9 millones de menores de edad han sido v\u00edctimas de ciberacoso<\/p><\/blockquote><\/figure>\n\n\n\n<p class=\"has-drop-cap\">El Senado de la Rep\u00fablica reformar\u00e1 la Ley General de los Derechos de Ni\u00f1as, Ni\u00f1os y Adolescentes, a fin de proteger a los menores ante el alto uso de internet y redes sociales.<br><\/p>\n\n\n\n<p>El dictamen aprobado por unanimidad, con 80 votos, se\u00f1ala que la seguridad digital se presenta como un aspecto fundamental para promover y garantizar su desarrollo integral, toda vez que se debe resguardar su privacidad, evitar la comisi\u00f3n de delitos cibern\u00e9ticos y promover un entorno sano para su crecimiento emocional y educativo.<br><\/p>\n\n\n\n<p>La senadora Mar\u00eda del Roc\u00edo Corona Nakamura, del PVEM, dijo que este dictamen es a favor del inter\u00e9s superior de la ni\u00f1ez, particularmente, sobre seguridad digital, pues las ni\u00f1as, ni\u00f1os y adolescentes hoy est\u00e1n en peligro en el internet, pues muchos de ellos son v\u00edctimas de delitos como la suplantaci\u00f3n de identidad, corrupci\u00f3n de menores y extorsi\u00f3n, se\u00f1al\u00f3 la necesidad de reforzar las estrategias de protecci\u00f3n infantil en todos los \u00e1mbitos, porque si bien hay avances se tiene que robustecer, pues un menor sin acceso seguro a la tecnolog\u00eda est\u00e1 en riesgo y en desventaja.<br><\/p>\n\n\n\n<p>Este dictamen establece que es obligaci\u00f3n del Estado garantizar la integraci\u00f3n plena de ni\u00f1as, ni\u00f1os y adolescentes a la sociedad de la informaci\u00f3n y el conocimiento, acorde a los fines establecidos en el art\u00edculo tercero constitucional, a trav\u00e9s de una pol\u00edtica nacional de inclusi\u00f3n digital universal en condiciones de equidad, asequibilidad, disponibilidad, accesibilidad, calidad y seguridad digital.<br><\/p>\n\n\n\n<p>Inform\u00f3 que tan solo la Red por los Derechos de la Infancia en M\u00e9xico (Redim), en su Balance Anual 2023, da cuenta de que 2.9 millones de menores de edad han sido v\u00edctimas de ciberacoso.<br><\/p>\n\n\n\n<figure class=\"wp-block-image size-large\"><img fetchpriority=\"high\" decoding=\"async\" width=\"1024\" height=\"506\" src=\"https:\/\/elinformante.mx\/wp-content\/uploads\/2025\/12\/3aprueba-2-1024x506.jpg\" alt=\"\" class=\"wp-image-97042\" srcset=\"https:\/\/elinformante.mx\/wp-content\/uploads\/2025\/12\/3aprueba-2-1024x506.jpg 1024w, https:\/\/elinformante.mx\/wp-content\/uploads\/2025\/12\/3aprueba-2-300x148.jpg 300w, https:\/\/elinformante.mx\/wp-content\/uploads\/2025\/12\/3aprueba-2-768x379.jpg 768w, https:\/\/elinformante.mx\/wp-content\/uploads\/2025\/12\/3aprueba-2.jpg 1140w\" sizes=\"(max-width: 1024px) 100vw, 1024px\" \/><\/figure>\n\n\n\n<p>En M\u00e9xico, el ciberacoso sigue siendo uno de los principales problemas que enfrentan ni\u00f1as, ni\u00f1os y adolescentes en el entorno digital.<br><\/p>\n\n\n\n<p>Entre las formas m\u00e1s comunes, el 5.5% de los adolescentes reportaron haber recibido insinuaciones sexuales no deseadas, mientras que el 5.6% fueron expuestos a contenido sexual no solicitado.<br><\/p>\n\n\n\n<p>Al menos 127 mil menores denunciaron en 2022 la difusi\u00f3n no consentida de im\u00e1genes \u00edntimas, lo que representa el 1 por ciento del total de adolescentes en el pa\u00eds. En 2023, m\u00e1s de 606 mil adolescentes fueron v\u00edctimas de suplantaci\u00f3n de identidad utilizada para enviar informaci\u00f3n falsa o agresiva.<br><\/p>\n\n\n\n<p>Entre enero y febrero de 2025, se registraron 5,862 delitos contra menores, lo que representa un aumento del 1.2 por ciento respecto al mismo periodo en 2024.<br><\/p>\n\n\n\n<p>Por lo anterior, es urgente reforzar las estrategias de protecci\u00f3n infantil en todos los \u00e1mbitos, dado que la gravedad y complejidad de estos problemas requieren de acciones por parte de las autoridades, trabajar en un reforzamiento legislativo y, por tanto, en pol\u00edticas p\u00fablicas con el apoyo de diversos sectores sociales, para enfrentar esta problem\u00e1tica.<\/p>\n","protected":false},"excerpt":{"rendered":"<p>-En M\u00e9xico, 2.9 millones de menores de edad han sido v\u00edctimas de ciberacoso El Senado de la Rep\u00fablica reformar\u00e1 la Ley General de los Derechos de Ni\u00f1as, Ni\u00f1os y Adolescentes, a fin de proteger a los menores ante el alto uso de internet y redes sociales. El dictamen aprobado por unanimidad, con 80 votos, se\u00f1ala [&hellip;]<\/p>\n","protected":false},"author":1,"featured_media":97041,"comment_status":"closed","ping_status":"closed","sticky":false,"template":"","format":"standard","meta":{"footnotes":""},"categories":[34],"tags":[],"class_list":["post-97037","post","type-post","status-publish","format-standard","has-post-thumbnail","hentry","category-nacional"],"_links":{"self":[{"href":"https:\/\/elinformante.mx\/index.php?rest_route=\/wp\/v2\/posts\/97037","targetHints":{"allow":["GET"]}}],"collection":[{"href":"https:\/\/elinformante.mx\/index.php?rest_route=\/wp\/v2\/posts"}],"about":[{"href":"https:\/\/elinformante.mx\/index.php?rest_route=\/wp\/v2\/types\/post"}],"author":[{"embeddable":true,"href":"https:\/\/elinformante.mx\/index.php?rest_route=\/wp\/v2\/users\/1"}],"replies":[{"embeddable":true,"href":"https:\/\/elinformante.mx\/index.php?rest_route=%2Fwp%2Fv2%2Fcomments&post=97037"}],"version-history":[{"count":0,"href":"https:\/\/elinformante.mx\/index.php?rest_route=\/wp\/v2\/posts\/97037\/revisions"}],"wp:featuredmedia":[{"embeddable":true,"href":"https:\/\/elinformante.mx\/index.php?rest_route=\/wp\/v2\/media\/97041"}],"wp:attachment":[{"href":"https:\/\/elinformante.mx\/index.php?rest_route=%2Fwp%2Fv2%2Fmedia&parent=97037"}],"wp:term":[{"taxonomy":"category","embeddable":true,"href":"https:\/\/elinformante.mx\/index.php?rest_route=%2Fwp%2Fv2%2Fcategories&post=97037"},{"taxonomy":"post_tag","embeddable":true,"href":"https:\/\/elinformante.mx\/index.php?rest_route=%2Fwp%2Fv2%2Ftags&post=97037"}],"curies":[{"name":"wp","href":"https:\/\/api.w.org\/{rel}","templated":true}]}}