{"id":97040,"date":"2025-12-03T06:48:42","date_gmt":"2025-12-03T12:48:42","guid":{"rendered":"https:\/\/elinformante.mx\/?p=97040"},"modified":"2025-12-03T06:48:49","modified_gmt":"2025-12-03T12:48:49","slug":"se-destinan-25-mil-mdp-para-dignificar-planteles-y-comunidades-escolares-mario-delgado","status":"publish","type":"post","link":"https:\/\/elinformante.mx\/?p=97040","title":{"rendered":"Se destinan 25 mil mdp para dignificar planteles y comunidades escolares: Mario Delgado"},"content":{"rendered":"\n<figure class=\"wp-block-pullquote\"><blockquote><p>-El programa coordinado por Pamela L\u00f3pez Ru\u00edz se consolida como una pol\u00edtica p\u00fablica orientada a garantizar el bienestar y el derecho a la educaci\u00f3n de ni\u00f1as, ni\u00f1os, adolescentes y j\u00f3venes, destac\u00f3.<\/p><\/blockquote><\/figure>\n\n\n\n<p class=\"has-drop-cap\">El secretario de Educaci\u00f3n P\u00fablica, Mario Delgado Carrillo, inform\u00f3 que en 2025 el programa La Escuela es Nuestra (LEEN) benefici\u00f3 a 8.1 millones de estudiantes, gracias a un presupuesto de 25 mil millones de pesos destinado a fortalecer directamente los planteles educativos y a las comunidades escolares.<br><\/p>\n\n\n\n<p>Delgado Carrillo mencion\u00f3 que el programa coordinado por Pamela L\u00f3pez Ru\u00edz se consolida como una pol\u00edtica p\u00fablica impulsada por la presidenta Claudia Sheinbaum Pardo, orientada a garantizar el bienestar y el derecho a la educaci\u00f3n de ni\u00f1as, ni\u00f1os, adolescentes y j\u00f3venes.<br><\/p>\n\n\n\n<p>Se\u00f1al\u00f3 que, a trav\u00e9s de los Comit\u00e9s Escolares de Administraci\u00f3n Participativa (CEAP), ya se realiz\u00f3 la dispersi\u00f3n de recursos a 68 mil 11 escuelas de Educaci\u00f3n B\u00e1sica. De ellas, 16 mil 796 secundarias p\u00fablicas recibieron 5,128 millones de pesos, lo que representa la mitad de los planteles de este nivel en todo el pa\u00eds.<br><\/p>\n\n\n\n<p>Coment\u00f3 que esta priorizaci\u00f3n en secundarias responde a una visi\u00f3n social y estrat\u00e9gica por parte de la presidenta de M\u00e9xico para consolidar los aprendizajes, evitar el abandono escolar y asegurar que las y los adolescentes contin\u00faen su trayectoria formativa con mejores condiciones.<br><\/p>\n\n\n\n<p>Por primera vez, este primer a\u00f1o se atendi\u00f3 a 6239 planteles, con una inversi\u00f3n de 4576 millones de pesos, lo que equivale al 52% del total de escuelas de este nivel.<br><\/p>\n\n\n\n<p>La titular de LEEN, Pamela L\u00f3pez Ruiz, inform\u00f3 que se est\u00e1 concluyendo el calendario operativo 2025 y que el presupuesto restante, por 238 millones de pesos, se dispersar\u00e1 en 776 escuelas de Puebla y Veracruz, entidades que debieron posponer su operaci\u00f3n debido a las afectaciones ocasionadas por inundaciones.<\/p>\n","protected":false},"excerpt":{"rendered":"<p>-El programa coordinado por Pamela L\u00f3pez Ru\u00edz se consolida como una pol\u00edtica p\u00fablica orientada a garantizar el bienestar y el derecho a la educaci\u00f3n de ni\u00f1as, ni\u00f1os, adolescentes y j\u00f3venes, destac\u00f3. El secretario de Educaci\u00f3n P\u00fablica, Mario Delgado Carrillo, inform\u00f3 que en 2025 el programa La Escuela es Nuestra (LEEN) benefici\u00f3 a 8.1 millones de [&hellip;]<\/p>\n","protected":false},"author":1,"featured_media":97044,"comment_status":"closed","ping_status":"closed","sticky":false,"template":"","format":"standard","meta":{"footnotes":""},"categories":[30,34],"tags":[],"class_list":["post-97040","post","type-post","status-publish","format-standard","has-post-thumbnail","hentry","category-destacado","category-nacional"],"_links":{"self":[{"href":"https:\/\/elinformante.mx\/index.php?rest_route=\/wp\/v2\/posts\/97040","targetHints":{"allow":["GET"]}}],"collection":[{"href":"https:\/\/elinformante.mx\/index.php?rest_route=\/wp\/v2\/posts"}],"about":[{"href":"https:\/\/elinformante.mx\/index.php?rest_route=\/wp\/v2\/types\/post"}],"author":[{"embeddable":true,"href":"https:\/\/elinformante.mx\/index.php?rest_route=\/wp\/v2\/users\/1"}],"replies":[{"embeddable":true,"href":"https:\/\/elinformante.mx\/index.php?rest_route=%2Fwp%2Fv2%2Fcomments&post=97040"}],"version-history":[{"count":0,"href":"https:\/\/elinformante.mx\/index.php?rest_route=\/wp\/v2\/posts\/97040\/revisions"}],"wp:featuredmedia":[{"embeddable":true,"href":"https:\/\/elinformante.mx\/index.php?rest_route=\/wp\/v2\/media\/97044"}],"wp:attachment":[{"href":"https:\/\/elinformante.mx\/index.php?rest_route=%2Fwp%2Fv2%2Fmedia&parent=97040"}],"wp:term":[{"taxonomy":"category","embeddable":true,"href":"https:\/\/elinformante.mx\/index.php?rest_route=%2Fwp%2Fv2%2Fcategories&post=97040"},{"taxonomy":"post_tag","embeddable":true,"href":"https:\/\/elinformante.mx\/index.php?rest_route=%2Fwp%2Fv2%2Ftags&post=97040"}],"curies":[{"name":"wp","href":"https:\/\/api.w.org\/{rel}","templated":true}]}}