{"id":97043,"date":"2025-12-03T06:52:51","date_gmt":"2025-12-03T12:52:51","guid":{"rendered":"https:\/\/elinformante.mx\/?p=97043"},"modified":"2025-12-03T06:52:53","modified_gmt":"2025-12-03T12:52:53","slug":"gertz-manero-se-va-pero-se-queda","status":"publish","type":"post","link":"https:\/\/elinformante.mx\/?p=97043","title":{"rendered":"GERTZ MANERO SE VA PERO SE QUEDA"},"content":{"rendered":"\n<figure class=\"wp-block-pullquote\"><blockquote><p><strong>Por: Manuel Ajenjo<\/strong><\/p><\/blockquote><\/figure>\n\n\n\n<p class=\"has-drop-cap\">La renuncia de Alejandro Gertz Manero a la Fiscal\u00eda General de la Rep\u00fablica, tal vez sea la primera acci\u00f3n de Claudia Sheinbaum contra el legado de L\u00f3pez Obrador. El fiscal m\u00e1s longevo en resentimientos y m\u00e1s breve en explicaciones, dej\u00f3 el cargo dos a\u00f1os antes de lo previsto, justo cuando ya todos nos hab\u00edamos acostumbrado a que la FGR marchara al ritmo de su muy propio y pausado metr\u00f3nomo institucional.<br><\/p>\n\n\n\n<p>Fiel a su estilo, Gertz Manero no dej\u00f3 una carta de renuncia, un mensaje sincero, o una declaraci\u00f3n. Present\u00f3 un oficio seco, insustancial. Un mensaje que ol\u00eda a tr\u00e1mite obligatorio. La versi\u00f3n oficial \u2014porque toda renuncia necesita un acto de magia\u2014 dice que fue una invitaci\u00f3n presidencial con mucha cortes\u00eda y reconocimiento a su meritoria labor para convertirlo en embajador de M\u00e9xico en \u201cun pa\u00eds amigo\u201d. Nunca se dijo cu\u00e1l, quiz\u00e1 para que todos pudi\u00e9ramos jugar a la loter\u00eda diplom\u00e1tica: \u00bfser\u00e1 Uruguay? \u00bfSer\u00e1 Portugal? \u00bfSer\u00e1 Alemania? \u00bfSer\u00e1 alg\u00fan lugar donde no lo conozcan?<br><\/p>\n\n\n\n<p>Hizo su aparici\u00f3n el senador priista \u2014antiguo aliado de Manlio que hoy factura en la pandilla de Alito\u2014 Manuel A\u00f1orve, quien al parecer vivi\u00f3 un deja vu al ver la forma en que la doctora Sheinbaum \u201cconmin\u00f3\u201d a renunciar al fiscal; el legislador sin empacho alguno \u2014ni ganas de empacharse\u2014 critic\u00f3 la actuaci\u00f3n de la presidenta: \u201cEsto no es renuncia, es instrucci\u00f3n, es un manotazo\u201d \u2014afirm\u00f3. Seguramente, en su fuero interno, el guerrerense sinti\u00f3 nostalgia de la \u00e9poca dorada del PRI cuando hab\u00eda manotazos, codazos, ara\u00f1azos, portazos y hasta balazos para arreglar este tipo de asuntos.<br><\/p>\n\n\n\n<p>Desde Morena tambi\u00e9n hubo quienes dijeron que en su paso por la fiscal\u00eda Gertz Manero hab\u00eda incurrido en violaciones constitucionales suficientes para justificar su defenestraci\u00f3n, entre otras la de jam\u00e1s haber presentado al Senado el Plan Estrat\u00e9gico de Procuraci\u00f3n de Justicia a lo que estaba obligado cada tres a\u00f1os. Lo dijeron con ese tono solemne que usan los pol\u00edticos cuando quieren sonar muy institucionales, pero tambi\u00e9n un poco vengativos. Ante esta acusaci\u00f3n, vale preguntar: \u00bfPor qu\u00e9 no objetaron en su momento la falta?<br><\/p>\n\n\n\n<p>Adem\u00e1s todos recordaron \u2014porque el archivo de la opini\u00f3n p\u00fablica nunca borra nada\u2014 la ralentizaci\u00f3n con la que la FGR operaba \u2014desde antes que se pusiera de moda esta palabra\u2014 en ciertos casos, especialmente aquellos que no parec\u00edan estar en la lista de intereses prioritarios del fiscal. Por supuesto que volvi\u00f3 a flotar en el ambiente el fantasma del caso de su familiar pol\u00edtica, aquel episodio que se volvi\u00f3 chisme nacional y material inagotable para analistas, cr\u00edticos y tuiteros. Se habl\u00f3 del presunto uso personal de las instituciones y de esas interferencias que, seg\u00fan los observadores, mostraban que el fiscal ten\u00eda el don prodigioso de convertir cualquier asunto privado en cuesti\u00f3n de Estado\u2026 siempre que fuera su asunto.<br><\/p>\n\n\n\n<p>La lista de casos pendientes de resolver para quien lo sustituya es m\u00e1s gorda que una ballena embarazada: temas de corrupci\u00f3n como los de Segalmex, Conade y Conacyt, procesos heredados del pe\u00f1anietismo como el de la estafa maestra y el de Odebrecht \u2014\u00bfen d\u00f3nde est\u00e1 Emilio Lozoya?, y asuntos de \u00faltima hora como el del huachicol fiscal o el de Ra\u00fal Rocha Cant\u00fa.<br><\/p>\n\n\n\n<p>Servidor p\u00fablico bajo gobiernos de todos los colores: priistas, panistas, lopezobradoristas, camale\u00f3n pol\u00edtico que sobrevivi\u00f3 a cambios de r\u00e9gimen como quien cambia de corbata. Y ahora en una vuelta de tuerca digna de una serie de streaming se encamina al servicio exterior. Y as\u00ed, ahora resulta que M\u00e9xico exporta aguacate Hass y exfiscal Gertz. Si el pa\u00eds destino es, efectivamente, un \u201cpa\u00eds amigo\u201d, habr\u00e1 que ver si sigue si\u00e9ndolo despu\u00e9s de su paso por \u00e9l.<br><\/p>\n\n\n\n<h2 class=\"wp-block-heading\">Punto final<br><\/h2>\n\n\n\n<p>Por lo que se sabe Alejandro Gertz Manero, posee un doctorado en mec\u00e1nica de adaptaci\u00f3n ya que su ideolog\u00eda es la permanencia. Su renuncia surrealista es la confirmaci\u00f3n de que un hombre que nunca se va puede llegar a un nuevo cargo.<\/p>\n","protected":false},"excerpt":{"rendered":"<p>Por: Manuel Ajenjo La renuncia de Alejandro Gertz Manero a la Fiscal\u00eda General de la Rep\u00fablica, tal vez sea la primera acci\u00f3n de Claudia Sheinbaum contra el legado de L\u00f3pez Obrador. El fiscal m\u00e1s longevo en resentimientos y m\u00e1s breve en explicaciones, dej\u00f3 el cargo dos a\u00f1os antes de lo previsto, justo cuando ya todos [&hellip;]<\/p>\n","protected":false},"author":1,"featured_media":97046,"comment_status":"closed","ping_status":"closed","sticky":false,"template":"","format":"standard","meta":{"footnotes":""},"categories":[32],"tags":[],"class_list":["post-97043","post","type-post","status-publish","format-standard","has-post-thumbnail","hentry","category-editorial"],"_links":{"self":[{"href":"https:\/\/elinformante.mx\/index.php?rest_route=\/wp\/v2\/posts\/97043","targetHints":{"allow":["GET"]}}],"collection":[{"href":"https:\/\/elinformante.mx\/index.php?rest_route=\/wp\/v2\/posts"}],"about":[{"href":"https:\/\/elinformante.mx\/index.php?rest_route=\/wp\/v2\/types\/post"}],"author":[{"embeddable":true,"href":"https:\/\/elinformante.mx\/index.php?rest_route=\/wp\/v2\/users\/1"}],"replies":[{"embeddable":true,"href":"https:\/\/elinformante.mx\/index.php?rest_route=%2Fwp%2Fv2%2Fcomments&post=97043"}],"version-history":[{"count":0,"href":"https:\/\/elinformante.mx\/index.php?rest_route=\/wp\/v2\/posts\/97043\/revisions"}],"wp:featuredmedia":[{"embeddable":true,"href":"https:\/\/elinformante.mx\/index.php?rest_route=\/wp\/v2\/media\/97046"}],"wp:attachment":[{"href":"https:\/\/elinformante.mx\/index.php?rest_route=%2Fwp%2Fv2%2Fmedia&parent=97043"}],"wp:term":[{"taxonomy":"category","embeddable":true,"href":"https:\/\/elinformante.mx\/index.php?rest_route=%2Fwp%2Fv2%2Fcategories&post=97043"},{"taxonomy":"post_tag","embeddable":true,"href":"https:\/\/elinformante.mx\/index.php?rest_route=%2Fwp%2Fv2%2Ftags&post=97043"}],"curies":[{"name":"wp","href":"https:\/\/api.w.org\/{rel}","templated":true}]}}