{"id":97077,"date":"2025-12-04T06:28:37","date_gmt":"2025-12-04T12:28:37","guid":{"rendered":"https:\/\/elinformante.mx\/?p=97077"},"modified":"2025-12-04T06:28:41","modified_gmt":"2025-12-04T12:28:41","slug":"el-trabajo-y-la-colaboracion-en-equipo-fundamentales-en-lerma-ramirez-ponce","status":"publish","type":"post","link":"https:\/\/elinformante.mx\/?p=97077","title":{"rendered":"El trabajo y la colaboraci\u00f3n en equipo fundamentales en Lerma: Ram\u00edrez Ponce"},"content":{"rendered":"\n<figure class=\"wp-block-pullquote\"><blockquote><p>La reuni\u00f3n comenz\u00f3 en La Ver\u00f3nica, punto emblem\u00e1tico de encuentro, donde se\u00f1alaron que es la identidad de las comunidades.<\/p><\/blockquote><\/figure>\n\n\n\n<p class=\"has-drop-cap\">Miguel \u00c1ngel Ram\u00edrez Ponce, presidente municipal de Lerma, se reuni\u00f3 con autoridades y vecinos de la regi\u00f3n de Zacamulpa Tlalmimilolpan, en donde llevaron a cabo varias pl\u00e1ticas y revisi\u00f3n de los trabajos realizados en la regi\u00f3n.<br><\/p>\n\n\n\n<p>La reuni\u00f3n comenz\u00f3 en La Ver\u00f3nica, punto emblem\u00e1tico de encuentro, donde se\u00f1alaron que es la identidad de las comunidades.<br><\/p>\n\n\n\n<p>Ram\u00edrez Ponce se\u00f1al\u00f3 que es gracias al trabajo y colaboraci\u00f3n en equipo que se lleva a cabo con autoridades auxiliares, amigos mayordomos y miembros del comit\u00e9 de agua de Zacamulpa Tlalmimilolpan que se obtienen los resultados trazados.<br><\/p>\n\n\n\n<figure class=\"wp-block-image size-large\"><img fetchpriority=\"high\" decoding=\"async\" width=\"1024\" height=\"506\" src=\"https:\/\/elinformante.mx\/wp-content\/uploads\/2025\/12\/11lerma-1024x506.jpg\" alt=\"\" class=\"wp-image-97079\" srcset=\"https:\/\/elinformante.mx\/wp-content\/uploads\/2025\/12\/11lerma-1024x506.jpg 1024w, https:\/\/elinformante.mx\/wp-content\/uploads\/2025\/12\/11lerma-300x148.jpg 300w, https:\/\/elinformante.mx\/wp-content\/uploads\/2025\/12\/11lerma-768x379.jpg 768w, https:\/\/elinformante.mx\/wp-content\/uploads\/2025\/12\/11lerma.jpg 1140w\" sizes=\"(max-width: 1024px) 100vw, 1024px\" \/><\/figure>\n\n\n\n<p>Se\u00f1al\u00f3 que se ha avanzado en Zacamulpa Tlalmimilolpan en la implementaci\u00f3n de proyectos que habr\u00e1n de fortalecer la infraestructura educativa en favor de la ni\u00f1ez de esta gran comunidad!<br><\/p>\n\n\n\n<p>Agradeci\u00f3 de manera especial el enorme apoyo recibido por parte de padres de familia, autoridades auxiliares y maestros, con quienes se est\u00e1n construyendo proyectos, que ser\u00e1n a favor de las ni\u00f1as, ni\u00f1os y j\u00f3venes de Zacamulpa Tlalmimilolpan.<br><\/p>\n\n\n\n<p>Finaliz\u00f3 Ram\u00edrez Ponce, que todos los logros y avances son gracias a que se mantiene una comunicaci\u00f3n permanente con las autoridades auxiliares, logrando consolidar un trabajo de mucha calidad, adem\u00e1s de realizar el an\u00e1lisis de las propuestas y continuar con el seguimiento de las iniciativas comunitarias en favor de todas y todos.<\/p>\n","protected":false},"excerpt":{"rendered":"<p>La reuni\u00f3n comenz\u00f3 en La Ver\u00f3nica, punto emblem\u00e1tico de encuentro, donde se\u00f1alaron que es la identidad de las comunidades. Miguel \u00c1ngel Ram\u00edrez Ponce, presidente municipal de Lerma, se reuni\u00f3 con autoridades y vecinos de la regi\u00f3n de Zacamulpa Tlalmimilolpan, en donde llevaron a cabo varias pl\u00e1ticas y revisi\u00f3n de los trabajos realizados en la regi\u00f3n. [&hellip;]<\/p>\n","protected":false},"author":1,"featured_media":97078,"comment_status":"closed","ping_status":"closed","sticky":false,"template":"","format":"standard","meta":{"footnotes":""},"categories":[36],"tags":[],"class_list":["post-97077","post","type-post","status-publish","format-standard","has-post-thumbnail","hentry","category-edomex"],"_links":{"self":[{"href":"https:\/\/elinformante.mx\/index.php?rest_route=\/wp\/v2\/posts\/97077","targetHints":{"allow":["GET"]}}],"collection":[{"href":"https:\/\/elinformante.mx\/index.php?rest_route=\/wp\/v2\/posts"}],"about":[{"href":"https:\/\/elinformante.mx\/index.php?rest_route=\/wp\/v2\/types\/post"}],"author":[{"embeddable":true,"href":"https:\/\/elinformante.mx\/index.php?rest_route=\/wp\/v2\/users\/1"}],"replies":[{"embeddable":true,"href":"https:\/\/elinformante.mx\/index.php?rest_route=%2Fwp%2Fv2%2Fcomments&post=97077"}],"version-history":[{"count":0,"href":"https:\/\/elinformante.mx\/index.php?rest_route=\/wp\/v2\/posts\/97077\/revisions"}],"wp:featuredmedia":[{"embeddable":true,"href":"https:\/\/elinformante.mx\/index.php?rest_route=\/wp\/v2\/media\/97078"}],"wp:attachment":[{"href":"https:\/\/elinformante.mx\/index.php?rest_route=%2Fwp%2Fv2%2Fmedia&parent=97077"}],"wp:term":[{"taxonomy":"category","embeddable":true,"href":"https:\/\/elinformante.mx\/index.php?rest_route=%2Fwp%2Fv2%2Fcategories&post=97077"},{"taxonomy":"post_tag","embeddable":true,"href":"https:\/\/elinformante.mx\/index.php?rest_route=%2Fwp%2Fv2%2Ftags&post=97077"}],"curies":[{"name":"wp","href":"https:\/\/api.w.org\/{rel}","templated":true}]}}