{"id":97083,"date":"2025-12-04T06:40:18","date_gmt":"2025-12-04T12:40:18","guid":{"rendered":"https:\/\/elinformante.mx\/?p=97083"},"modified":"2025-12-04T06:40:25","modified_gmt":"2025-12-04T12:40:25","slug":"uaemex-abre-camino-a-colaboraciones-internacionales-en-diseno-e-innovacion-zarza-delgado","status":"publish","type":"post","link":"https:\/\/elinformante.mx\/?p=97083","title":{"rendered":"UAEM\u00e9x abre camino a colaboraciones internacionales en dise\u00f1o e innovaci\u00f3n: Zarza Delgado"},"content":{"rendered":"\n<figure class=\"wp-block-pullquote\"><blockquote><p>-La rectora Martha Patricia Zarza Delgado y el director Cient\u00edfico de la revista WORLDESIGN, Pier Paolo Peruccio, dialogaron sobre los trabajos que pueden realizarse de manera conjunta en materia acad\u00e9mica y de innovaci\u00f3n.<\/p><\/blockquote><\/figure>\n\n\n\n<p class=\"has-drop-cap\">Como parte del fortalecimiento de los v\u00ednculos institucionales, la rectora de la Universidad Aut\u00f3noma del Estado de M\u00e9xico (UAEM\u00e9x), Martha Patricia Zarza Delgado, sostuvo un encuentro con el director cient\u00edfico de la revista WORLDESIGN, Pier Paolo Peruccio, en la Facultad de Arquitectura y Dise\u00f1o, con el prop\u00f3sito de explorar posibles l\u00edneas de colaboraci\u00f3n acad\u00e9mica y de innovaci\u00f3n.<br><\/p>\n\n\n\n<p>Acompa\u00f1ados por la secretaria de Vinculaci\u00f3n, Extensi\u00f3n y Promoci\u00f3n de la Empleabilidad, Mariana Ortiz Reynoso, y por el director de la Facultad, Jaime Guadarrama Gonz\u00e1lez, ambas autoridades coincidieron en que la cooperaci\u00f3n interinstitucional es clave para las universidades p\u00fablicas, especialmente para la UAEM\u00e9x, que integra a una comunidad estudiantil superior a los 100 mil integrantes.<br><\/p>\n\n\n\n<p>Durante el di\u00e1logo, analizaron \u00e1reas de trabajo conjunto en beneficio del alumnado y subrayaron la importancia de impulsar proyectos de investigaci\u00f3n que fortalezcan el desempe\u00f1o acad\u00e9mico y ampl\u00eden las oportunidades educativas.<br><\/p>\n\n\n\n<p>En la reuni\u00f3n, que cont\u00f3 tambi\u00e9n con la participaci\u00f3n de estudiantes, las y los visitantes conocieron las instalaciones, el equipamiento y las capacidades t\u00e9cnicas del Laboratorio de Realidad Virtual y Edici\u00f3n Digital del Centro de Innovaci\u00f3n y Dise\u00f1o, donde se desarrollan proyectos multidisciplinarios de alto impacto.<br><\/p>\n\n\n\n<p>Asimismo, la rectora Zarza Delgado explic\u00f3 que, a ra\u00edz de un movimiento estudiantil hist\u00f3rico, diversos espacios universitarios conservan consignas que hoy forman parte de la identidad institucional y representan los cambios impulsados gracias a la voz del estudiantado.<br><\/p>\n\n\n\n<p>Como parte de la visita, Martha Patricia Zarza Delgado y Pier Paolo Peruccio realizaron un recorrido por Ciudad Universitaria, que incluy\u00f3 la efigie de Adolfo L\u00f3pez Mateos, ubicada en la cima del Cerro de Coatepec, y el Museo Universitario \u201cLeopoldo Flores\u201d.<\/p>\n","protected":false},"excerpt":{"rendered":"<p>-La rectora Martha Patricia Zarza Delgado y el director Cient\u00edfico de la revista WORLDESIGN, Pier Paolo Peruccio, dialogaron sobre los trabajos que pueden realizarse de manera conjunta en materia acad\u00e9mica y de innovaci\u00f3n. Como parte del fortalecimiento de los v\u00ednculos institucionales, la rectora de la Universidad Aut\u00f3noma del Estado de M\u00e9xico (UAEM\u00e9x), Martha Patricia Zarza [&hellip;]<\/p>\n","protected":false},"author":1,"featured_media":97086,"comment_status":"closed","ping_status":"closed","sticky":false,"template":"","format":"standard","meta":{"footnotes":""},"categories":[30,36],"tags":[],"class_list":["post-97083","post","type-post","status-publish","format-standard","has-post-thumbnail","hentry","category-destacado","category-edomex"],"_links":{"self":[{"href":"https:\/\/elinformante.mx\/index.php?rest_route=\/wp\/v2\/posts\/97083","targetHints":{"allow":["GET"]}}],"collection":[{"href":"https:\/\/elinformante.mx\/index.php?rest_route=\/wp\/v2\/posts"}],"about":[{"href":"https:\/\/elinformante.mx\/index.php?rest_route=\/wp\/v2\/types\/post"}],"author":[{"embeddable":true,"href":"https:\/\/elinformante.mx\/index.php?rest_route=\/wp\/v2\/users\/1"}],"replies":[{"embeddable":true,"href":"https:\/\/elinformante.mx\/index.php?rest_route=%2Fwp%2Fv2%2Fcomments&post=97083"}],"version-history":[{"count":0,"href":"https:\/\/elinformante.mx\/index.php?rest_route=\/wp\/v2\/posts\/97083\/revisions"}],"wp:featuredmedia":[{"embeddable":true,"href":"https:\/\/elinformante.mx\/index.php?rest_route=\/wp\/v2\/media\/97086"}],"wp:attachment":[{"href":"https:\/\/elinformante.mx\/index.php?rest_route=%2Fwp%2Fv2%2Fmedia&parent=97083"}],"wp:term":[{"taxonomy":"category","embeddable":true,"href":"https:\/\/elinformante.mx\/index.php?rest_route=%2Fwp%2Fv2%2Fcategories&post=97083"},{"taxonomy":"post_tag","embeddable":true,"href":"https:\/\/elinformante.mx\/index.php?rest_route=%2Fwp%2Fv2%2Ftags&post=97083"}],"curies":[{"name":"wp","href":"https:\/\/api.w.org\/{rel}","templated":true}]}}