{"id":97085,"date":"2025-12-04T06:44:34","date_gmt":"2025-12-04T12:44:34","guid":{"rendered":"https:\/\/elinformante.mx\/?p=97085"},"modified":"2025-12-04T06:44:37","modified_gmt":"2025-12-04T12:44:37","slug":"gem-dialoga-con-el-congreso-sobre-paquete-fiscal-2026","status":"publish","type":"post","link":"https:\/\/elinformante.mx\/?p=97085","title":{"rendered":"GEM dialoga con el Congreso sobre Paquete Fiscal 2026"},"content":{"rendered":"\n<figure class=\"wp-block-pullquote\"><blockquote><p>-Destaca aumento en ingresos sin contrataci\u00f3n de deuda e incremento en el financiamiento del sector social e infraestructura.<\/p><\/blockquote><\/figure>\n\n\n\n<p class=\"has-drop-cap\">El Gobierno del Estado de M\u00e9xico, encabezado por la maestra Delfina G\u00f3mez \u00c1lvarez, a trav\u00e9s de la Secretar\u00eda de Finanzas, expuso los alcances y proyecciones del Paquete Fiscal 2026 en el Congreso, ante diputadas y diputados locales, destacando el fortalecimiento de los ingresos sin contratar deuda y la inversi\u00f3n hist\u00f3rica en la pol\u00edtica social y de bienestar, as\u00ed como en la infraestructura del estado.<br><\/p>\n\n\n\n<p>Durante el encuentro en el Congreso, Oscar Flores Jim\u00e9nez, titular de la Secretar\u00eda de Finanzas mexiquense, explic\u00f3 los componentes centrales de la Ley de Ingresos y del Presupuesto de Egresos, los cuales proyectan un incremento de 5.6% de ingresos respecto del ejercicio 2025, lo que mantiene al Estado de M\u00e9xico como la entidad con el presupuesto estatal m\u00e1s grande del pa\u00eds.<br><\/p>\n\n\n\n<p>Flores Jim\u00e9nez subray\u00f3 que el paquete refleja el compromiso del Gobierno de la maestra Delfina G\u00f3mez \u00c1lvarez con una administraci\u00f3n responsable, orientada a que cada peso p\u00fablico se convierta en mayor infraestructura, m\u00e1s programas sociales y servicios de calidad para la poblaci\u00f3n.<br><\/p>\n\n\n\n<figure class=\"wp-block-image size-large\"><img fetchpriority=\"high\" decoding=\"async\" width=\"1024\" height=\"506\" src=\"https:\/\/elinformante.mx\/wp-content\/uploads\/2025\/12\/7gem-1024x506.jpg\" alt=\"\" class=\"wp-image-97089\" srcset=\"https:\/\/elinformante.mx\/wp-content\/uploads\/2025\/12\/7gem-1024x506.jpg 1024w, https:\/\/elinformante.mx\/wp-content\/uploads\/2025\/12\/7gem-300x148.jpg 300w, https:\/\/elinformante.mx\/wp-content\/uploads\/2025\/12\/7gem-768x379.jpg 768w, https:\/\/elinformante.mx\/wp-content\/uploads\/2025\/12\/7gem.jpg 1140w\" sizes=\"(max-width: 1024px) 100vw, 1024px\" \/><\/figure>\n\n\n\n<p>Sobre el presupuesto de egresos, se\u00f1al\u00f3 que la propuesta considera el financiamiento de sectores prioritarios por 346 mil 434 millones de pesos y destac\u00f3 que los programas sociales obtendr\u00e1n un aumento de 2 mil 424 millones de pesos, mientras que la inversi\u00f3n en infraestructura contempla una suma de m\u00e1s de 19 mil millones de pesos, la m\u00e1s alta en los \u00faltimos a\u00f1os.<br><\/p>\n\n\n\n<p>A lo largo de la sesi\u00f3n, el titular de Finanzas respondi\u00f3 las inquietudes planteadas por las distintas fracciones parlamentarias; con ello refrenda la plena disposici\u00f3n del Gobierno estatal para acompa\u00f1ar el proceso legislativo con informaci\u00f3n detallada, t\u00e9cnica y amplia, en un marco de colaboraci\u00f3n institucional. El Paquete Fiscal 2026 fue entregado el pasado 19 de noviembre y su proceso de aprobaci\u00f3n concluye a m\u00e1s tardar el pr\u00f3ximo 15 de diciembre.<br><\/p>\n\n\n\n<p>El Gobierno del Estado de M\u00e9xico reitera su compromiso con el trabajo coordinado con el Poder Legislativo, convencido de que un Paquete Fiscal s\u00f3lido y equilibrado permitir\u00e1 fortalecer la estabilidad financiera estatal, impulsar el desarrollo econ\u00f3mico, atraer inversiones y mejorar el bienestar de las y los mexiquenses.<\/p>\n","protected":false},"excerpt":{"rendered":"<p>-Destaca aumento en ingresos sin contrataci\u00f3n de deuda e incremento en el financiamiento del sector social e infraestructura. El Gobierno del Estado de M\u00e9xico, encabezado por la maestra Delfina G\u00f3mez \u00c1lvarez, a trav\u00e9s de la Secretar\u00eda de Finanzas, expuso los alcances y proyecciones del Paquete Fiscal 2026 en el Congreso, ante diputadas y diputados locales, [&hellip;]<\/p>\n","protected":false},"author":1,"featured_media":97088,"comment_status":"closed","ping_status":"closed","sticky":false,"template":"","format":"standard","meta":{"footnotes":""},"categories":[36],"tags":[],"class_list":["post-97085","post","type-post","status-publish","format-standard","has-post-thumbnail","hentry","category-edomex"],"_links":{"self":[{"href":"https:\/\/elinformante.mx\/index.php?rest_route=\/wp\/v2\/posts\/97085","targetHints":{"allow":["GET"]}}],"collection":[{"href":"https:\/\/elinformante.mx\/index.php?rest_route=\/wp\/v2\/posts"}],"about":[{"href":"https:\/\/elinformante.mx\/index.php?rest_route=\/wp\/v2\/types\/post"}],"author":[{"embeddable":true,"href":"https:\/\/elinformante.mx\/index.php?rest_route=\/wp\/v2\/users\/1"}],"replies":[{"embeddable":true,"href":"https:\/\/elinformante.mx\/index.php?rest_route=%2Fwp%2Fv2%2Fcomments&post=97085"}],"version-history":[{"count":0,"href":"https:\/\/elinformante.mx\/index.php?rest_route=\/wp\/v2\/posts\/97085\/revisions"}],"wp:featuredmedia":[{"embeddable":true,"href":"https:\/\/elinformante.mx\/index.php?rest_route=\/wp\/v2\/media\/97088"}],"wp:attachment":[{"href":"https:\/\/elinformante.mx\/index.php?rest_route=%2Fwp%2Fv2%2Fmedia&parent=97085"}],"wp:term":[{"taxonomy":"category","embeddable":true,"href":"https:\/\/elinformante.mx\/index.php?rest_route=%2Fwp%2Fv2%2Fcategories&post=97085"},{"taxonomy":"post_tag","embeddable":true,"href":"https:\/\/elinformante.mx\/index.php?rest_route=%2Fwp%2Fv2%2Ftags&post=97085"}],"curies":[{"name":"wp","href":"https:\/\/api.w.org\/{rel}","templated":true}]}}