{"id":97090,"date":"2025-12-04T07:06:14","date_gmt":"2025-12-04T13:06:14","guid":{"rendered":"https:\/\/elinformante.mx\/?p=97090"},"modified":"2025-12-04T07:06:20","modified_gmt":"2025-12-04T13:06:20","slug":"encabeza-ricardo-moreno-marcha-por-la-paz-y-la-democracia-en-toluca","status":"publish","type":"post","link":"https:\/\/elinformante.mx\/?p=97090","title":{"rendered":"Encabeza Ricardo Moreno marcha por la paz y la democracia en Toluca"},"content":{"rendered":"\n<figure class=\"wp-block-pullquote\"><blockquote><p>-La marcha refrenda el apoyo a la presidenta Sheinbaum y a la gobernadora Delfina G\u00f3mez.<\/p><\/blockquote><\/figure>\n\n\n\n<p class=\"has-drop-cap\">El presidente municipal de Toluca, Ricardo Moreno Bastida, encabez\u00f3 junto con m\u00e1s de 10 mil personas la megamarcha por la paz, la democracia y la transformaci\u00f3n. Esta movilizaci\u00f3n reuni\u00f3 a diversos sectores de la poblaci\u00f3n que caminaron por las principales calles de la ciudad en una convocatoria que destac\u00f3 por su alta afluencia.<br><\/p>\n\n\n\n<p>Las personas se reunieron en el Parque Vicente Guerrero, donde se congregaron ciudadanos de distintas edades y actividades. Con banderas, carteles y manifestaciones de apoyo, el contingente avanz\u00f3 en un ambiente ordenado que reflej\u00f3 el inter\u00e9s de quienes asistieron por expresar su postura en el espacio p\u00fablico.<br><\/p>\n\n\n\n<figure class=\"wp-block-image size-large\"><img fetchpriority=\"high\" decoding=\"async\" width=\"1024\" height=\"506\" src=\"https:\/\/elinformante.mx\/wp-content\/uploads\/2025\/12\/8ricardo-6-1024x506.jpg\" alt=\"\" class=\"wp-image-97096\" srcset=\"https:\/\/elinformante.mx\/wp-content\/uploads\/2025\/12\/8ricardo-6-1024x506.jpg 1024w, https:\/\/elinformante.mx\/wp-content\/uploads\/2025\/12\/8ricardo-6-300x148.jpg 300w, https:\/\/elinformante.mx\/wp-content\/uploads\/2025\/12\/8ricardo-6-768x379.jpg 768w, https:\/\/elinformante.mx\/wp-content\/uploads\/2025\/12\/8ricardo-6.jpg 1140w\" sizes=\"(max-width: 1024px) 100vw, 1024px\" \/><\/figure>\n\n\n\n<p>Las y los participantes marcharon en conjunto para hacer visible su respaldo a una agenda basada en la paz y en el fortalecimiento de la participaci\u00f3n social. La caminata transcurri\u00f3 por distintas vialidades de la capital mexiquense sin incidentes reportados.<br><\/p>\n\n\n\n<p>Ricardo Moreno al frente de la marcha, acompa\u00f1ado de integrantes de Proyecto 21, salud\u00f3 a quienes se sumaron a esta. Se\u00f1al\u00f3 que la movilizaci\u00f3n representa un ejercicio ciudadano que se articula con el trabajo que mantiene con la presidenta Claudia Sheinbaum Pardo y con la gobernadora Delfina G\u00f3mez \u00c1lvarez.<br><\/p>\n\n\n\n<figure class=\"wp-block-image size-large\"><img decoding=\"async\" width=\"1024\" height=\"506\" src=\"https:\/\/elinformante.mx\/wp-content\/uploads\/2025\/12\/8ricardo-4-1024x506.jpg\" alt=\"\" class=\"wp-image-97097\" srcset=\"https:\/\/elinformante.mx\/wp-content\/uploads\/2025\/12\/8ricardo-4-1024x506.jpg 1024w, https:\/\/elinformante.mx\/wp-content\/uploads\/2025\/12\/8ricardo-4-300x148.jpg 300w, https:\/\/elinformante.mx\/wp-content\/uploads\/2025\/12\/8ricardo-4-768x379.jpg 768w, https:\/\/elinformante.mx\/wp-content\/uploads\/2025\/12\/8ricardo-4.jpg 1140w\" sizes=\"(max-width: 1024px) 100vw, 1024px\" \/><\/figure>\n\n\n\n<p>El trayecto concluy\u00f3 frente al Ayuntamiento de Toluca, donde las personas asistentes se concentraron para cerrar la jornada con mensajes orientados a resaltar el papel de la ciudadan\u00eda en la vida democr\u00e1tica. La participaci\u00f3n de miles de voces marc\u00f3 el final de la actividad.<br><\/p>\n\n\n\n<p>La megamarcha se caracteriz\u00f3 por la presencia de grupos amplios y diversos que acudieron de manera voluntaria. El desarrollo del evento se mantuvo en condiciones de estabilidad y con una ruta definida desde su convocatoria inicial.<\/p>\n\n\n\n<figure class=\"wp-block-image size-large\"><img decoding=\"async\" width=\"1024\" height=\"506\" src=\"https:\/\/elinformante.mx\/wp-content\/uploads\/2025\/12\/8ricardo-1024x506.jpg\" alt=\"\" class=\"wp-image-97098\" srcset=\"https:\/\/elinformante.mx\/wp-content\/uploads\/2025\/12\/8ricardo-1024x506.jpg 1024w, https:\/\/elinformante.mx\/wp-content\/uploads\/2025\/12\/8ricardo-300x148.jpg 300w, https:\/\/elinformante.mx\/wp-content\/uploads\/2025\/12\/8ricardo-768x379.jpg 768w, https:\/\/elinformante.mx\/wp-content\/uploads\/2025\/12\/8ricardo.jpg 1140w\" sizes=\"(max-width: 1024px) 100vw, 1024px\" \/><\/figure>\n\n\n\n<figure class=\"wp-block-image size-large\"><img loading=\"lazy\" decoding=\"async\" width=\"1024\" height=\"506\" src=\"https:\/\/elinformante.mx\/wp-content\/uploads\/2025\/12\/8ricardo-3-1024x506.jpg\" alt=\"\" class=\"wp-image-97099\" srcset=\"https:\/\/elinformante.mx\/wp-content\/uploads\/2025\/12\/8ricardo-3-1024x506.jpg 1024w, https:\/\/elinformante.mx\/wp-content\/uploads\/2025\/12\/8ricardo-3-300x148.jpg 300w, https:\/\/elinformante.mx\/wp-content\/uploads\/2025\/12\/8ricardo-3-768x379.jpg 768w, https:\/\/elinformante.mx\/wp-content\/uploads\/2025\/12\/8ricardo-3.jpg 1140w\" sizes=\"(max-width: 1024px) 100vw, 1024px\" \/><\/figure>\n","protected":false},"excerpt":{"rendered":"<p>-La marcha refrenda el apoyo a la presidenta Sheinbaum y a la gobernadora Delfina G\u00f3mez. El presidente municipal de Toluca, Ricardo Moreno Bastida, encabez\u00f3 junto con m\u00e1s de 10 mil personas la megamarcha por la paz, la democracia y la transformaci\u00f3n. Esta movilizaci\u00f3n reuni\u00f3 a diversos sectores de la poblaci\u00f3n que caminaron por las principales [&hellip;]<\/p>\n","protected":false},"author":1,"featured_media":97095,"comment_status":"closed","ping_status":"closed","sticky":false,"template":"","format":"standard","meta":{"footnotes":""},"categories":[30,36,31],"tags":[46],"class_list":["post-97090","post","type-post","status-publish","format-standard","has-post-thumbnail","hentry","category-destacado","category-edomex","category-portada","tag-portadaedomex"],"_links":{"self":[{"href":"https:\/\/elinformante.mx\/index.php?rest_route=\/wp\/v2\/posts\/97090","targetHints":{"allow":["GET"]}}],"collection":[{"href":"https:\/\/elinformante.mx\/index.php?rest_route=\/wp\/v2\/posts"}],"about":[{"href":"https:\/\/elinformante.mx\/index.php?rest_route=\/wp\/v2\/types\/post"}],"author":[{"embeddable":true,"href":"https:\/\/elinformante.mx\/index.php?rest_route=\/wp\/v2\/users\/1"}],"replies":[{"embeddable":true,"href":"https:\/\/elinformante.mx\/index.php?rest_route=%2Fwp%2Fv2%2Fcomments&post=97090"}],"version-history":[{"count":0,"href":"https:\/\/elinformante.mx\/index.php?rest_route=\/wp\/v2\/posts\/97090\/revisions"}],"wp:featuredmedia":[{"embeddable":true,"href":"https:\/\/elinformante.mx\/index.php?rest_route=\/wp\/v2\/media\/97095"}],"wp:attachment":[{"href":"https:\/\/elinformante.mx\/index.php?rest_route=%2Fwp%2Fv2%2Fmedia&parent=97090"}],"wp:term":[{"taxonomy":"category","embeddable":true,"href":"https:\/\/elinformante.mx\/index.php?rest_route=%2Fwp%2Fv2%2Fcategories&post=97090"},{"taxonomy":"post_tag","embeddable":true,"href":"https:\/\/elinformante.mx\/index.php?rest_route=%2Fwp%2Fv2%2Ftags&post=97090"}],"curies":[{"name":"wp","href":"https:\/\/api.w.org\/{rel}","templated":true}]}}