{"id":97094,"date":"2025-12-04T07:15:14","date_gmt":"2025-12-04T13:15:14","guid":{"rendered":"https:\/\/elinformante.mx\/?p=97094"},"modified":"2025-12-04T07:15:22","modified_gmt":"2025-12-04T13:15:22","slug":"villa-olimpica-y-juana-de-asbaje-tendran-nuevas-sedes-de-atencion-para-infancias-con-discapacidad-gaby-osorio","status":"publish","type":"post","link":"https:\/\/elinformante.mx\/?p=97094","title":{"rendered":"Villa Ol\u00edmpica y Juana de Asbaje tendr\u00e1n nuevas sedes de atenci\u00f3n para infancias con discapacidad: Gaby Osorio"},"content":{"rendered":"\n<figure class=\"wp-block-pullquote\"><blockquote><p>-El anuncio se realiz\u00f3 en el marco del D\u00eda Internacional de las Personas con Discapacidad y forma parte de la ampliaci\u00f3n de la red de servicios para infancias.<\/p><\/blockquote><\/figure>\n\n\n\n<p class=\"has-drop-cap\">Para fortalecer los servicios dirigidos a infancias que requieren atenci\u00f3n especializada, en el marco del D\u00eda Internacional de las Personas con Discapacidad, la alcaldesa de Tlalpan, Gaby Osorio, anunci\u00f3 la apertura de dos nuevas sedes del Centro de Atenci\u00f3n Integral para el Desarrollo Humano (CAIDH) en Villa Ol\u00edmpica y en el Parque Juana de Asbaje, que operar\u00e1n como nuevos puntos de atenci\u00f3n temprana, terapias y acompa\u00f1amiento para ni\u00f1as, ni\u00f1os y sus familias.<br><\/p>\n\n\n\n<p>Osorio explic\u00f3 que ambos espacios estar\u00e1n enfocados en atender a infancias con discapacidad intelectual, s\u00edndrome de Down, autismo u otros trastornos del neurodesarrollo, adem\u00e1s de brindar orientaci\u00f3n y acompa\u00f1amiento a sus familias.<br><\/p>\n\n\n\n<p>Se\u00f1al\u00f3 que la oferta actual en la ciudad es insuficiente y que muchas vecinas expresaron, desde la campa\u00f1a, la necesidad de contar con centros especializados en diagn\u00f3stico y terapias, particularmente para autismo.<br><\/p>\n\n\n\n<p>Durante el evento, la alcaldesa record\u00f3 que el lema establecido por Naciones Unidas para este a\u00f1o, fomentar sociedades inclusivas para el progreso social, implica una responsabilidad directa para los gobiernos.<br><\/p>\n\n\n\n<p>Afirm\u00f3 que las barreras que enfrentan las personas con discapacidad no est\u00e1n en ellas, sino en el entorno y que por ello la alcald\u00eda debe seguir ampliando infraestructura social y garantizando el acceso a servicios cercanos y accesibles.<br><\/p>\n\n\n\n<p>Gaby Osorio indic\u00f3 que retom\u00f3 el modelo impulsado por la jefa de Gobierno, Clara Brugada, en las Utop\u00edas de Iztapalapa, donde se instalaron \u00e1reas especializadas de rehabilitaci\u00f3n y espacios sensoriales.<br><\/p>\n\n\n\n<p>Dijo que esa visi\u00f3n de infraestructura social incluyente ahora se extiende a otras demarcaciones, y que en Tlalpan se traducir\u00e1 en servicios nuevos, permanentes y dise\u00f1ados para acompa\u00f1ar a las familias.<br><\/p>\n\n\n\n<p>Acompa\u00f1ada por el equipo de Bienestar e Igualdad Sustantiva, la alcaldesa destac\u00f3 que las dos nuevas sedes reforzar\u00e1n el trabajo que realiza actualmente el CAIDH, el cual opera dos centros orientados principalmente a poblaci\u00f3n adulta.<br><\/p>\n\n\n\n<p>Con esta expansi\u00f3n, Tlalpan sumar\u00e1 instalaciones espec\u00edficas para infancia, una demanda recurrente entre madres, padres y cuidadores.<\/p>\n","protected":false},"excerpt":{"rendered":"<p>-El anuncio se realiz\u00f3 en el marco del D\u00eda Internacional de las Personas con Discapacidad y forma parte de la ampliaci\u00f3n de la red de servicios para infancias. Para fortalecer los servicios dirigidos a infancias que requieren atenci\u00f3n especializada, en el marco del D\u00eda Internacional de las Personas con Discapacidad, la alcaldesa de Tlalpan, Gaby [&hellip;]<\/p>\n","protected":false},"author":1,"featured_media":97103,"comment_status":"closed","ping_status":"closed","sticky":false,"template":"","format":"standard","meta":{"footnotes":""},"categories":[35,30],"tags":[],"class_list":["post-97094","post","type-post","status-publish","format-standard","has-post-thumbnail","hentry","category-cdmx","category-destacado"],"_links":{"self":[{"href":"https:\/\/elinformante.mx\/index.php?rest_route=\/wp\/v2\/posts\/97094","targetHints":{"allow":["GET"]}}],"collection":[{"href":"https:\/\/elinformante.mx\/index.php?rest_route=\/wp\/v2\/posts"}],"about":[{"href":"https:\/\/elinformante.mx\/index.php?rest_route=\/wp\/v2\/types\/post"}],"author":[{"embeddable":true,"href":"https:\/\/elinformante.mx\/index.php?rest_route=\/wp\/v2\/users\/1"}],"replies":[{"embeddable":true,"href":"https:\/\/elinformante.mx\/index.php?rest_route=%2Fwp%2Fv2%2Fcomments&post=97094"}],"version-history":[{"count":0,"href":"https:\/\/elinformante.mx\/index.php?rest_route=\/wp\/v2\/posts\/97094\/revisions"}],"wp:featuredmedia":[{"embeddable":true,"href":"https:\/\/elinformante.mx\/index.php?rest_route=\/wp\/v2\/media\/97103"}],"wp:attachment":[{"href":"https:\/\/elinformante.mx\/index.php?rest_route=%2Fwp%2Fv2%2Fmedia&parent=97094"}],"wp:term":[{"taxonomy":"category","embeddable":true,"href":"https:\/\/elinformante.mx\/index.php?rest_route=%2Fwp%2Fv2%2Fcategories&post=97094"},{"taxonomy":"post_tag","embeddable":true,"href":"https:\/\/elinformante.mx\/index.php?rest_route=%2Fwp%2Fv2%2Ftags&post=97094"}],"curies":[{"name":"wp","href":"https:\/\/api.w.org\/{rel}","templated":true}]}}