{"id":97104,"date":"2025-12-04T07:18:39","date_gmt":"2025-12-04T13:18:39","guid":{"rendered":"https:\/\/elinformante.mx\/?p=97104"},"modified":"2025-12-04T07:18:42","modified_gmt":"2025-12-04T13:18:42","slug":"anuncian-en-cdmx-creacion-de-centros-especializados-en-utopias-para-personas-con-discapacidad","status":"publish","type":"post","link":"https:\/\/elinformante.mx\/?p=97104","title":{"rendered":"Anuncian en CDMX creaci\u00f3n de centros especializados en Utop\u00edas para personas con discapacidad"},"content":{"rendered":"\n<figure class=\"wp-block-pullquote\"><blockquote><p>-Los nuevos centros priorizar\u00e1n a mujeres, ni\u00f1as y poblaciones que enfrentan mayores barreras, con servicios especializados y accesibles cerca de sus hogares.<\/p><\/blockquote><\/figure>\n\n\n\n<p class=\"has-drop-cap\">En el marco del D\u00eda Internacional de las Personas con Discapacidad, el Gobierno de la Ciudad de M\u00e9xico, encabezado por la Jefa de Gobierno, Clara Brugada Molina, anunci\u00f3 la creaci\u00f3n de nuevos centros de habilitaci\u00f3n y rehabilitaci\u00f3n gratuitos dentro de las Utop\u00edas, como parte de una pol\u00edtica integral con enfoque de derechos humanos.<br><\/p>\n\n\n\n<p>En representaci\u00f3n de la mandataria capitalina, la secretaria de Bienestar e Igualdad Social, Araceli Dami\u00e1n Gonz\u00e1lez, destac\u00f3 que la instrucci\u00f3n de la Jefa de Gobierno es que cada alcald\u00eda cuente con un espacio especializado que permita avanzar hacia la plena inclusi\u00f3n y reducir las barreras sociales y econ\u00f3micas que enfrentan las personas con discapacidad.<br><\/p>\n\n\n\n<p>Record\u00f3 que hoy existe una marcada mercantilizaci\u00f3n de estos servicios en la ciudad, por lo que la red de Utop\u00edas permitir\u00e1 ampliar la atenci\u00f3n p\u00fablica y gratuita con infraestructura moderna.<br><\/p>\n\n\n\n<p>Dami\u00e1n Gonz\u00e1lez explic\u00f3 que la estrategia contempla centros espec\u00edficos en cada demarcaci\u00f3n, dise\u00f1ados de acuerdo con las necesidades de su poblaci\u00f3n. En Azcapotzalco, dijo, se construir\u00e1 un centro de rehabilitaci\u00f3n deportiva, mientras que en Gustavo A. Madero se habilitar\u00e1 un espacio para la atenci\u00f3n de discapacidad motriz, psicosocial e intelectual, donde la equinoterapia ser\u00e1 una herramienta fundamental.<br><\/p>\n\n\n\n<p>En Venustiano Carranza habr\u00e1 un centro de apoyo para personas ciegas y con baja visi\u00f3n, en tanto que en la Miguel Hidalgo se contar\u00e1 con una escuela de formaci\u00f3n y apoyo para personas con discapacidad, acompa\u00f1ada de una biblioteca en sistema Braille.<br><\/p>\n\n\n\n<p>En la Cuauht\u00e9moc se desarrollar\u00e1 un centro de rehabilitaci\u00f3n neurol\u00f3gica, y en Coyoac\u00e1n un espacio especializado para atender a personas con mal de Parkinson.<br><\/p>\n\n\n\n<p>Agreg\u00f3 que Benito Ju\u00e1rez contar\u00e1 con un centro de prevenci\u00f3n y rehabilitaci\u00f3n f\u00edsica, mientras que en Iztapalapa se instalar\u00e1 un centro de habilitaci\u00f3n y rehabilitaci\u00f3n para personas con discapacidad m\u00faltiple. En Xochimilco se abrir\u00e1 un espacio dirigido a infancias con discapacidad, y en Milpa Alta un centro de rehabilitaci\u00f3n para personas con discapacidad auditiva.<br><\/p>\n\n\n\n<p>\u00c1lvaro Obreg\u00f3n, expuso, contar\u00e1 con un centro de atenci\u00f3n para personas con autismo; Cuajimalpa con un centro de rehabilitaci\u00f3n f\u00edsica e intelectual para ni\u00f1as, ni\u00f1os y adolescentes, y La Magdalena Contreras con un centro de atenci\u00f3n para personas con s\u00edndrome de Down. Adem\u00e1s, se desarrollar\u00e1 un centro de rehabilitaci\u00f3n geri\u00e1trica especializado en demencias.<br><\/p>\n\n\n\n<p>La secretaria de Salud, Nadine Gasman Zylbermann, se\u00f1al\u00f3 que la Ciudad de M\u00e9xico es la entidad con mayor poblaci\u00f3n con discapacidad y reiter\u00f3 el compromiso del gobierno de Clara Brugada para garantizar una salud accesible mediante programas como Salud que Late desde los Hogares y Salud que Pasa por mi Casa, que llevan atenci\u00f3n directamente a las viviendas y comunidades.<\/p>\n","protected":false},"excerpt":{"rendered":"<p>-Los nuevos centros priorizar\u00e1n a mujeres, ni\u00f1as y poblaciones que enfrentan mayores barreras, con servicios especializados y accesibles cerca de sus hogares. En el marco del D\u00eda Internacional de las Personas con Discapacidad, el Gobierno de la Ciudad de M\u00e9xico, encabezado por la Jefa de Gobierno, Clara Brugada Molina, anunci\u00f3 la creaci\u00f3n de nuevos centros [&hellip;]<\/p>\n","protected":false},"author":1,"featured_media":97107,"comment_status":"closed","ping_status":"closed","sticky":false,"template":"","format":"standard","meta":{"footnotes":""},"categories":[35,30],"tags":[],"class_list":["post-97104","post","type-post","status-publish","format-standard","has-post-thumbnail","hentry","category-cdmx","category-destacado"],"_links":{"self":[{"href":"https:\/\/elinformante.mx\/index.php?rest_route=\/wp\/v2\/posts\/97104","targetHints":{"allow":["GET"]}}],"collection":[{"href":"https:\/\/elinformante.mx\/index.php?rest_route=\/wp\/v2\/posts"}],"about":[{"href":"https:\/\/elinformante.mx\/index.php?rest_route=\/wp\/v2\/types\/post"}],"author":[{"embeddable":true,"href":"https:\/\/elinformante.mx\/index.php?rest_route=\/wp\/v2\/users\/1"}],"replies":[{"embeddable":true,"href":"https:\/\/elinformante.mx\/index.php?rest_route=%2Fwp%2Fv2%2Fcomments&post=97104"}],"version-history":[{"count":0,"href":"https:\/\/elinformante.mx\/index.php?rest_route=\/wp\/v2\/posts\/97104\/revisions"}],"wp:featuredmedia":[{"embeddable":true,"href":"https:\/\/elinformante.mx\/index.php?rest_route=\/wp\/v2\/media\/97107"}],"wp:attachment":[{"href":"https:\/\/elinformante.mx\/index.php?rest_route=%2Fwp%2Fv2%2Fmedia&parent=97104"}],"wp:term":[{"taxonomy":"category","embeddable":true,"href":"https:\/\/elinformante.mx\/index.php?rest_route=%2Fwp%2Fv2%2Fcategories&post=97104"},{"taxonomy":"post_tag","embeddable":true,"href":"https:\/\/elinformante.mx\/index.php?rest_route=%2Fwp%2Fv2%2Ftags&post=97104"}],"curies":[{"name":"wp","href":"https:\/\/api.w.org\/{rel}","templated":true}]}}