{"id":97108,"date":"2025-12-04T07:25:16","date_gmt":"2025-12-04T13:25:16","guid":{"rendered":"https:\/\/elinformante.mx\/?p=97108"},"modified":"2025-12-04T07:25:21","modified_gmt":"2025-12-04T13:25:21","slug":"exhorta-mara-lezama-a-construir-un-quintana-roo-mas-incluyente-y-empatico","status":"publish","type":"post","link":"https:\/\/elinformante.mx\/?p=97108","title":{"rendered":"Exhorta Mara Lezama a construir un Quintana Roo m\u00e1s incluyente y emp\u00e1tico"},"content":{"rendered":"\n<figure class=\"wp-block-pullquote\"><blockquote><p>-Nadie atr\u00e1s: mensaje de Mara y Vero Lezama que impulsan un nuevo compromiso con la discapacidad, sin que nadie se quede fuera ni nadie se quede atr\u00e1s<\/p><\/blockquote><\/figure>\n\n\n\n<p class=\"has-drop-cap\">En el marco del D\u00eda Internacional de las Personas con Discapacidad, la gobernadora Mara Lezama Espinosa y la presidenta honoraria del Sistema DIF Quintana Roo, Ver\u00f3nica Lezama, ratificaron el compromiso de este gobierno humanista con coraz\u00f3n feminista para construir un Quintana Roo m\u00e1s emp\u00e1tico, incluyente y sin barreras que limiten el desarrollo de nadie.<br><\/p>\n\n\n\n<p>Al dirigir un mensaje a las y los quintanarroenses, la Gobernadora destac\u00f3 que el enfoque de este gobierno diferente es hacer de Quintana Roo un estado m\u00e1s eficiente y profundamente humano, donde todas las personas sean el centro de las decisiones, especialmente quienes viven con alguna discapacidad.<br><\/p>\n\n\n\n<p>Invit\u00f3 a la poblaci\u00f3n que requiera apoyo a acercarse al Centro de Rehabilitaci\u00f3n Integral Quintana Roo (CRIQ), cuyo n\u00famero de contacto es 983 127 1212 Ext: 1011<br><\/p>\n\n\n\n<p>Ver\u00f3nica Lezama, presidenta honoraria del DIF Quintana Roo, subray\u00f3 que desde la instituci\u00f3n se trabaja para brindar atenci\u00f3n digna, terapias especializadas, apoyo en temas de autismo, transporte inclusivo y espacios accesibles, siempre con cercan\u00eda y respeto.<br><\/p>\n\n\n\n<p>\u201cEl compromiso es claro: que nadie, absolutamente nadie, se quede atr\u00e1s\u201d, afirm\u00f3.<br><\/p>\n\n\n\n<p>Como parte de la jornada conmemorativa, en diversos municipios, incluidos Benito Ju\u00e1rez, Playa del Carmen, Cozumel, Felipe Carrillo Puerto e Isla Mujeres, se realizaron ferias de servicios, marchas, actividades culturales, conferencias y brigadas informativas orientadas a promover la sensibilizaci\u00f3n y el respeto hacia los derechos de las personas con discapacidad.<br><\/p>\n\n\n\n<p>Mara Lezama concluy\u00f3 enviando un mensaje de unidad: \u201cEn este gobierno humanista, con coraz\u00f3n feminista, todas y todos son parte fundamental. Las personas con discapacidad son prioridad\u201d.<\/p>\n","protected":false},"excerpt":{"rendered":"<p>-Nadie atr\u00e1s: mensaje de Mara y Vero Lezama que impulsan un nuevo compromiso con la discapacidad, sin que nadie se quede fuera ni nadie se quede atr\u00e1s En el marco del D\u00eda Internacional de las Personas con Discapacidad, la gobernadora Mara Lezama Espinosa y la presidenta honoraria del Sistema DIF Quintana Roo, Ver\u00f3nica Lezama, ratificaron [&hellip;]<\/p>\n","protected":false},"author":1,"featured_media":97111,"comment_status":"closed","ping_status":"closed","sticky":false,"template":"","format":"standard","meta":{"footnotes":""},"categories":[30,34],"tags":[],"class_list":["post-97108","post","type-post","status-publish","format-standard","has-post-thumbnail","hentry","category-destacado","category-nacional"],"_links":{"self":[{"href":"https:\/\/elinformante.mx\/index.php?rest_route=\/wp\/v2\/posts\/97108","targetHints":{"allow":["GET"]}}],"collection":[{"href":"https:\/\/elinformante.mx\/index.php?rest_route=\/wp\/v2\/posts"}],"about":[{"href":"https:\/\/elinformante.mx\/index.php?rest_route=\/wp\/v2\/types\/post"}],"author":[{"embeddable":true,"href":"https:\/\/elinformante.mx\/index.php?rest_route=\/wp\/v2\/users\/1"}],"replies":[{"embeddable":true,"href":"https:\/\/elinformante.mx\/index.php?rest_route=%2Fwp%2Fv2%2Fcomments&post=97108"}],"version-history":[{"count":0,"href":"https:\/\/elinformante.mx\/index.php?rest_route=\/wp\/v2\/posts\/97108\/revisions"}],"wp:featuredmedia":[{"embeddable":true,"href":"https:\/\/elinformante.mx\/index.php?rest_route=\/wp\/v2\/media\/97111"}],"wp:attachment":[{"href":"https:\/\/elinformante.mx\/index.php?rest_route=%2Fwp%2Fv2%2Fmedia&parent=97108"}],"wp:term":[{"taxonomy":"category","embeddable":true,"href":"https:\/\/elinformante.mx\/index.php?rest_route=%2Fwp%2Fv2%2Fcategories&post=97108"},{"taxonomy":"post_tag","embeddable":true,"href":"https:\/\/elinformante.mx\/index.php?rest_route=%2Fwp%2Fv2%2Ftags&post=97108"}],"curies":[{"name":"wp","href":"https:\/\/api.w.org\/{rel}","templated":true}]}}