{"id":97112,"date":"2025-12-04T07:32:14","date_gmt":"2025-12-04T13:32:14","guid":{"rendered":"https:\/\/elinformante.mx\/?p=97112"},"modified":"2025-12-04T07:32:21","modified_gmt":"2025-12-04T13:32:21","slug":"anuncia-gobierno-implementacion-de-jornada-laboral-de-40-horas","status":"publish","type":"post","link":"https:\/\/elinformante.mx\/?p=97112","title":{"rendered":"Anuncia gobierno implementaci\u00f3n de jornada laboral de 40 horas"},"content":{"rendered":"\n<figure class=\"wp-block-pullquote\"><blockquote><p>-La jornada laboral se reducir\u00e1 dos horas por a\u00f1o para que en 2030 se concreten las 40 horas; durante el 2026 iniciar\u00eda el periodo de transici\u00f3n y en enero 2027 inicia la primera disminuci\u00f3n<\/p><\/blockquote><\/figure>\n\n\n\n<p class=\"has-drop-cap\">El gobierno de M\u00e9xico, anunci\u00f3 que, luego de un consenso con los sectores empresarial, sindical, acad\u00e9mico, gubernamental y con la sociedad civil, enviar\u00e1 al Senado de la Rep\u00fablica el proyecto de reforma para que, a partir del 2026, se implemente de forma gradual la jornada laboral de 40 horas, reduciendo dos horas por a\u00f1o hasta concretar en el 2030, con lo que se beneficiar\u00e1 a 13.4 millones de personas trabajadoras.<br><\/p>\n\n\n\n<p>El secretario del Trabajo y Previsi\u00f3n Social, Marath Baruch Bola\u00f1os L\u00f3pez, detall\u00f3 que, como parte del compromiso n\u00famero 60 de los 100 de la presidenta, la implementaci\u00f3n de la jornada laboral de 40 horas ser\u00e1 un derecho constitucional de las y los trabajadores. Explic\u00f3 que la reforma ser\u00e1 presentada al Congreso de la Uni\u00f3n para su discusi\u00f3n y aprobaci\u00f3n; con ello, entrar\u00e1 en vigor el 1 de mayo de 2026 y en enero de 2027 comienza la primera reducci\u00f3n de dos horas.<br><\/p>\n\n\n\n<p>Detall\u00f3 que la propuesta implica que, a partir del 1 de enero de cada a\u00f1o, se har\u00e1 efectiva la reducci\u00f3n: En 2026 entra en vigor y se establece el periodo de transici\u00f3n; en 2027 ser\u00e1n 46 horas; en 2028, 44; en 2029, de 42 y en 2030, 40. Puntualiz\u00f3 que la reducci\u00f3n de las horas de trabajo no implica disminuci\u00f3n en los sueldos ni prestaciones; adem\u00e1s, con las modificaciones, por primera vez, se proh\u00edben horas extras para menores de edad.<br><\/p>\n\n\n\n<p>Durante la jornada ordinaria, las y los trabajadores tendr\u00e1n mayor tiempo de descanso y se garantiza un adecuado reparto del tiempo de trabajo, as\u00ed como jornadas laborales dignas. Y en la jornada extraordinaria se establece la posibilidad de trabajar de 9 a 12 horas extraordinarias a la semana de manera voluntaria, las cuales podr\u00e1n distribuirse en hasta cuatro horas diarias, en un m\u00e1ximo de cuatro d\u00edas en ese periodo, se introduce la prohibici\u00f3n del trabajo de tiempo extra para menores de edad y se establece en la Ley Federal del Trabajo un tope m\u00e1ximo de 4 horas triples.<br><\/p>\n\n\n\n<p>En ambas jornadas el trabajo no podr\u00e1 superar las 12 horas en un d\u00eda. Se\u00f1al\u00f3 que, con la finalidad de vigilar el cumplimiento de la nueva jornada laboral de 40 horas en los centros de trabajo, se adiciona como obligaci\u00f3n de las personas empleadoras el registro electr\u00f3nico de la jornada laboral, que ser\u00e1 emitido por la Secretar\u00eda del Trabajo y Previsi\u00f3n Social, lo que permitir\u00e1 que efectivamente se cumpla con las horas de trabajo ordinarias y extraordinarias.<br><\/p>\n\n\n\n<p>De acuerdo con la Organizaci\u00f3n Internacional del Trabajo (OIT), los beneficios de la reducci\u00f3n de la jornada laboral son: Reducci\u00f3n de la fatiga y de los accidentes laborales, mejor\u00eda en materia de salud y seguridad en el trabajo, mayor equilibrio entre la vida personal, familiar y laboral de los trabajadores, menor riesgo de padecer patolog\u00edas del coraz\u00f3n y de muertes por accidentes debido a la menor exposici\u00f3n a jornadas prolongadas, mejor\u00eda en el autocuidado: alimentaci\u00f3n, ejercicio f\u00edsico, descanso, socializaci\u00f3n y atenci\u00f3n m\u00e9dica preventiva.<br><\/p>\n\n\n\n<p>El presidente del Consejo Coordinador Empresarial (CCE), Francisco Cervantes D\u00edaz, destac\u00f3 la importancia de continuar dialogando con el Gobierno de M\u00e9xico para negociar condiciones que favorezcan a las y los trabajadores.<\/p>\n","protected":false},"excerpt":{"rendered":"<p>-La jornada laboral se reducir\u00e1 dos horas por a\u00f1o para que en 2030 se concreten las 40 horas; durante el 2026 iniciar\u00eda el periodo de transici\u00f3n y en enero 2027 inicia la primera disminuci\u00f3n El gobierno de M\u00e9xico, anunci\u00f3 que, luego de un consenso con los sectores empresarial, sindical, acad\u00e9mico, gubernamental y con la sociedad [&hellip;]<\/p>\n","protected":false},"author":1,"featured_media":97115,"comment_status":"closed","ping_status":"closed","sticky":false,"template":"","format":"standard","meta":{"footnotes":""},"categories":[30,34],"tags":[],"class_list":["post-97112","post","type-post","status-publish","format-standard","has-post-thumbnail","hentry","category-destacado","category-nacional"],"_links":{"self":[{"href":"https:\/\/elinformante.mx\/index.php?rest_route=\/wp\/v2\/posts\/97112","targetHints":{"allow":["GET"]}}],"collection":[{"href":"https:\/\/elinformante.mx\/index.php?rest_route=\/wp\/v2\/posts"}],"about":[{"href":"https:\/\/elinformante.mx\/index.php?rest_route=\/wp\/v2\/types\/post"}],"author":[{"embeddable":true,"href":"https:\/\/elinformante.mx\/index.php?rest_route=\/wp\/v2\/users\/1"}],"replies":[{"embeddable":true,"href":"https:\/\/elinformante.mx\/index.php?rest_route=%2Fwp%2Fv2%2Fcomments&post=97112"}],"version-history":[{"count":0,"href":"https:\/\/elinformante.mx\/index.php?rest_route=\/wp\/v2\/posts\/97112\/revisions"}],"wp:featuredmedia":[{"embeddable":true,"href":"https:\/\/elinformante.mx\/index.php?rest_route=\/wp\/v2\/media\/97115"}],"wp:attachment":[{"href":"https:\/\/elinformante.mx\/index.php?rest_route=%2Fwp%2Fv2%2Fmedia&parent=97112"}],"wp:term":[{"taxonomy":"category","embeddable":true,"href":"https:\/\/elinformante.mx\/index.php?rest_route=%2Fwp%2Fv2%2Fcategories&post=97112"},{"taxonomy":"post_tag","embeddable":true,"href":"https:\/\/elinformante.mx\/index.php?rest_route=%2Fwp%2Fv2%2Ftags&post=97112"}],"curies":[{"name":"wp","href":"https:\/\/api.w.org\/{rel}","templated":true}]}}