{"id":97120,"date":"2025-12-04T07:46:46","date_gmt":"2025-12-04T13:46:46","guid":{"rendered":"https:\/\/elinformante.mx\/?p=97120"},"modified":"2025-12-04T07:46:56","modified_gmt":"2025-12-04T13:46:56","slug":"ernestina-godoy-es-designada-como-titular-de-la-fgr","status":"publish","type":"post","link":"https:\/\/elinformante.mx\/?p=97120","title":{"rendered":"ERNESTINA GODOY ES DESIGNADA COMO TITULAR DE LA FGR"},"content":{"rendered":"\n<figure class=\"wp-block-pullquote\"><blockquote><p>-La Fiscal agradeci\u00f3 el respaldo de la sociedad civil que ha clamado justicia y ha confiado en ella.<\/p><\/blockquote><\/figure>\n\n\n\n<p class=\"has-drop-cap\">Ernestina Godoy, exconsejera jur\u00eddica de la presidencia, fue designada como la primera Fiscal General en la historia del pa\u00eds con 97 votos a favor, 19 en contra y 11 votos nulos en el Senado de la Rep\u00fablica.<br><\/p>\n\n\n\n<figure class=\"wp-block-image size-large\"><img fetchpriority=\"high\" decoding=\"async\" width=\"1024\" height=\"506\" src=\"https:\/\/elinformante.mx\/wp-content\/uploads\/2025\/12\/9ernestina-1024x506.jpg\" alt=\"\" class=\"wp-image-97122\" srcset=\"https:\/\/elinformante.mx\/wp-content\/uploads\/2025\/12\/9ernestina-1024x506.jpg 1024w, https:\/\/elinformante.mx\/wp-content\/uploads\/2025\/12\/9ernestina-300x148.jpg 300w, https:\/\/elinformante.mx\/wp-content\/uploads\/2025\/12\/9ernestina-768x379.jpg 768w, https:\/\/elinformante.mx\/wp-content\/uploads\/2025\/12\/9ernestina.jpg 1140w\" sizes=\"(max-width: 1024px) 100vw, 1024px\" \/><\/figure>\n\n\n\n<p>Godoy, quien tambi\u00e9n fuera fiscal general de la Ciudad de M\u00e9xico, se perfilaba para dicho cargo luego de asumir como interina tras la salida de Alejandro Gertz Manero de la FGR.<br><\/p>\n\n\n\n<p>Con 97 votos a favor, de los 127 que se emitieron por c\u00e9dula, el Pleno del Senado de la Rep\u00fablica design\u00f3 a Ernestina Godoy Ramos como nueva titular de la Fiscal\u00eda General de la Rep\u00fablica (FGR).<br><\/p>\n\n\n\n<figure class=\"wp-block-image size-large\"><img decoding=\"async\" width=\"1024\" height=\"506\" src=\"https:\/\/elinformante.mx\/wp-content\/uploads\/2025\/12\/9ernestina-4-1024x506.jpg\" alt=\"\" class=\"wp-image-97123\" srcset=\"https:\/\/elinformante.mx\/wp-content\/uploads\/2025\/12\/9ernestina-4-1024x506.jpg 1024w, https:\/\/elinformante.mx\/wp-content\/uploads\/2025\/12\/9ernestina-4-300x148.jpg 300w, https:\/\/elinformante.mx\/wp-content\/uploads\/2025\/12\/9ernestina-4-768x379.jpg 768w, https:\/\/elinformante.mx\/wp-content\/uploads\/2025\/12\/9ernestina-4.jpg 1140w\" sizes=\"(max-width: 1024px) 100vw, 1024px\" \/><\/figure>\n\n\n\n<p>La presidenta de la C\u00e1mara de Senadores, Laura Itzel Castillo Ju\u00e1rez, tom\u00f3 la protesta correspondiente a Godoy Ramos, luego de que la asamblea la respaldara con 97 votos a favor, de los 127 votos que emitieron los senadores por c\u00e9dula; adem\u00e1s, se recibieron 11 nulos y 19 en contra de la terna propuesta por el Ejecutivo Federal.<br><\/p>\n\n\n\n<p>La presidenta Claudia Sheinbaum Pardo, durante La Ma\u00f1anera, hab\u00eda adelantado que en la Fiscal\u00eda General de la Rep\u00fablica es tiempo de mujeres, por lo que tom\u00f3 la decisi\u00f3n de postular esos perfiles.<br><\/p>\n\n\n\n<figure class=\"wp-block-image size-large\"><img decoding=\"async\" width=\"1024\" height=\"506\" src=\"https:\/\/elinformante.mx\/wp-content\/uploads\/2025\/12\/9ernestina-3-1024x506.jpg\" alt=\"\" class=\"wp-image-97124\" srcset=\"https:\/\/elinformante.mx\/wp-content\/uploads\/2025\/12\/9ernestina-3-1024x506.jpg 1024w, https:\/\/elinformante.mx\/wp-content\/uploads\/2025\/12\/9ernestina-3-300x148.jpg 300w, https:\/\/elinformante.mx\/wp-content\/uploads\/2025\/12\/9ernestina-3-768x379.jpg 768w, https:\/\/elinformante.mx\/wp-content\/uploads\/2025\/12\/9ernestina-3.jpg 1140w\" sizes=\"(max-width: 1024px) 100vw, 1024px\" \/><\/figure>\n\n\n\n<p>Durante la gesti\u00f3n de la presidenta Sheinbaum como jefa de gobierno de la Ciudad de M\u00e9xico, la dupla en seguridad entre Omar Garc\u00eda Harfuch en la secretar\u00eda del gobierno capitalino, y Godoy Ramos en la Fiscal\u00eda de la ciudad logr\u00f3 una contundente reducci\u00f3n del crimen, con lo que la f\u00f3rmula se repite a nivel nacional para intentar replicar los resultados.<br><\/p>\n\n\n\n<p>Durante su comparecencia previa a la votaci\u00f3n, Ernestina Godoy agradeci\u00f3 el respaldo de la sociedad civil que ha clamado justicia y ha confiado en ella, con lo que, sostuvo, \u201ces un mandato, es la demanda urgente para construir una fiscal\u00eda que est\u00e9 a la altura de los tiempos [\u2026] No fabricaremos culpables ni habr\u00e1 persecuci\u00f3n pol\u00edtica, pero desde ahora les digo: No habr\u00e1 impunidad y cero tolerancia a la tortura\u201d.<\/p>\n","protected":false},"excerpt":{"rendered":"<p>-La Fiscal agradeci\u00f3 el respaldo de la sociedad civil que ha clamado justicia y ha confiado en ella. Ernestina Godoy, exconsejera jur\u00eddica de la presidencia, fue designada como la primera Fiscal General en la historia del pa\u00eds con 97 votos a favor, 19 en contra y 11 votos nulos en el Senado de la Rep\u00fablica. [&hellip;]<\/p>\n","protected":false},"author":1,"featured_media":97121,"comment_status":"closed","ping_status":"closed","sticky":false,"template":"","format":"standard","meta":{"footnotes":""},"categories":[30,34,31],"tags":[47],"class_list":["post-97120","post","type-post","status-publish","format-standard","has-post-thumbnail","hentry","category-destacado","category-nacional","category-portada","tag-portadanacional"],"_links":{"self":[{"href":"https:\/\/elinformante.mx\/index.php?rest_route=\/wp\/v2\/posts\/97120","targetHints":{"allow":["GET"]}}],"collection":[{"href":"https:\/\/elinformante.mx\/index.php?rest_route=\/wp\/v2\/posts"}],"about":[{"href":"https:\/\/elinformante.mx\/index.php?rest_route=\/wp\/v2\/types\/post"}],"author":[{"embeddable":true,"href":"https:\/\/elinformante.mx\/index.php?rest_route=\/wp\/v2\/users\/1"}],"replies":[{"embeddable":true,"href":"https:\/\/elinformante.mx\/index.php?rest_route=%2Fwp%2Fv2%2Fcomments&post=97120"}],"version-history":[{"count":0,"href":"https:\/\/elinformante.mx\/index.php?rest_route=\/wp\/v2\/posts\/97120\/revisions"}],"wp:featuredmedia":[{"embeddable":true,"href":"https:\/\/elinformante.mx\/index.php?rest_route=\/wp\/v2\/media\/97121"}],"wp:attachment":[{"href":"https:\/\/elinformante.mx\/index.php?rest_route=%2Fwp%2Fv2%2Fmedia&parent=97120"}],"wp:term":[{"taxonomy":"category","embeddable":true,"href":"https:\/\/elinformante.mx\/index.php?rest_route=%2Fwp%2Fv2%2Fcategories&post=97120"},{"taxonomy":"post_tag","embeddable":true,"href":"https:\/\/elinformante.mx\/index.php?rest_route=%2Fwp%2Fv2%2Ftags&post=97120"}],"curies":[{"name":"wp","href":"https:\/\/api.w.org\/{rel}","templated":true}]}}