{"id":97531,"date":"2025-12-12T05:47:21","date_gmt":"2025-12-12T11:47:21","guid":{"rendered":"https:\/\/elinformante.mx\/?p=97531"},"modified":"2025-12-12T05:47:25","modified_gmt":"2025-12-12T11:47:25","slug":"se-impulsa-en-zinacantepec-dialogo-academico-por-el-dia-mundial-de-los-derechos-humanos","status":"publish","type":"post","link":"https:\/\/elinformante.mx\/?p=97531","title":{"rendered":"Se impulsa en Zinacantepec di\u00e1logo acad\u00e9mico por el D\u00eda Mundial de los Derechos Humanos"},"content":{"rendered":"\n<figure class=\"wp-block-pullquote\"><blockquote><p>Durante el encuentro se busc\u00f3 fortalecer la reflexi\u00f3n p\u00fablica y la cultura del respeto a la dignidad en el municipio.<\/p><\/blockquote><\/figure>\n\n\n\n<p class=\"has-drop-cap\">Realiz\u00f3 el Ayuntamiento de Zinacantepec un conversatorio con especialistas de la Universidad Aut\u00f3noma del Estado de M\u00e9xico (UAEM\u00e9x), esto como parte de las actividades conmemorativas por el D\u00eda Mundial de los Derechos Humanos.<br><\/p>\n\n\n\n<p>Durante el encuentro se busc\u00f3 fortalecer la reflexi\u00f3n p\u00fablica y la cultura del respeto a la dignidad en el municipio.<br><\/p>\n\n\n\n<p>Catedr\u00e1ticos y ponentes invitados durante el encuentro compartieron an\u00e1lisis sobre los desaf\u00edos actuales en materia de derechos humanos, as\u00ed como la importancia de promover enfoques preventivos, educaci\u00f3n c\u00edvica y participaci\u00f3n comunitaria. Las intervenciones se centraron en la responsabilidad de instituciones y ciudadan\u00eda para garantizar el respeto a la libertad y la igualdad.<br><\/p>\n\n\n\n<p>Las autoridades de Zinacantepec agradecieron la participaci\u00f3n del cuerpo acad\u00e9mico y resaltaron que estos espacios de di\u00e1logo permiten construir un municipio m\u00e1s justo, m\u00e1s consciente y m\u00e1s humano, donde la protecci\u00f3n a los derechos fundamentales sea prioridad.<br><\/p>\n\n\n\n<figure class=\"wp-block-image size-large\"><img fetchpriority=\"high\" decoding=\"async\" width=\"1024\" height=\"506\" src=\"https:\/\/elinformante.mx\/wp-content\/uploads\/2025\/12\/13zina-2-1-1024x506.jpg\" alt=\"\" class=\"wp-image-97535\" srcset=\"https:\/\/elinformante.mx\/wp-content\/uploads\/2025\/12\/13zina-2-1-1024x506.jpg 1024w, https:\/\/elinformante.mx\/wp-content\/uploads\/2025\/12\/13zina-2-1-300x148.jpg 300w, https:\/\/elinformante.mx\/wp-content\/uploads\/2025\/12\/13zina-2-1-768x379.jpg 768w, https:\/\/elinformante.mx\/wp-content\/uploads\/2025\/12\/13zina-2-1.jpg 1140w\" sizes=\"(max-width: 1024px) 100vw, 1024px\" \/><\/figure>\n\n\n\n<p>La autoridad municipal destac\u00f3 que estos espacios permiten avanzar hacia una sociedad m\u00e1s consciente y respetuosa, subrayando que los derechos humanos no deben limitarse a una fecha conmemorativa, sino constituir principios permanentes en la vida p\u00fablica.<br><\/p>\n\n\n\n<p>Asimismo, reiter\u00f3 que el gobierno local continuar\u00e1 impulsando acciones orientadas a la defensa y promoci\u00f3n de estos valores en todas las comunidades del municipio.<br><\/p>\n\n\n\n<p>Se\u00f1alaron que las iniciativas de di\u00e1logo y formaci\u00f3n seguir\u00e1n integr\u00e1ndose a su agenda institucional con el objetivo de fortalecer la convivencia social y garantizar que la dignidad de cada persona sea un pilar en la gesti\u00f3n municipal.<br><\/p>\n\n\n\n<p>Se reafirm\u00f3 el compromiso de mantener un trabajo coordinado entre autoridades, academia y ciudadan\u00eda para consolidar un Zinacantepec m\u00e1s justo y con mayor conciencia social.<\/p>\n","protected":false},"excerpt":{"rendered":"<p>Durante el encuentro se busc\u00f3 fortalecer la reflexi\u00f3n p\u00fablica y la cultura del respeto a la dignidad en el municipio. Realiz\u00f3 el Ayuntamiento de Zinacantepec un conversatorio con especialistas de la Universidad Aut\u00f3noma del Estado de M\u00e9xico (UAEM\u00e9x), esto como parte de las actividades conmemorativas por el D\u00eda Mundial de los Derechos Humanos. Durante el [&hellip;]<\/p>\n","protected":false},"author":1,"featured_media":97534,"comment_status":"closed","ping_status":"closed","sticky":false,"template":"","format":"standard","meta":{"footnotes":""},"categories":[30,36],"tags":[],"class_list":["post-97531","post","type-post","status-publish","format-standard","has-post-thumbnail","hentry","category-destacado","category-edomex"],"_links":{"self":[{"href":"https:\/\/elinformante.mx\/index.php?rest_route=\/wp\/v2\/posts\/97531","targetHints":{"allow":["GET"]}}],"collection":[{"href":"https:\/\/elinformante.mx\/index.php?rest_route=\/wp\/v2\/posts"}],"about":[{"href":"https:\/\/elinformante.mx\/index.php?rest_route=\/wp\/v2\/types\/post"}],"author":[{"embeddable":true,"href":"https:\/\/elinformante.mx\/index.php?rest_route=\/wp\/v2\/users\/1"}],"replies":[{"embeddable":true,"href":"https:\/\/elinformante.mx\/index.php?rest_route=%2Fwp%2Fv2%2Fcomments&post=97531"}],"version-history":[{"count":0,"href":"https:\/\/elinformante.mx\/index.php?rest_route=\/wp\/v2\/posts\/97531\/revisions"}],"wp:featuredmedia":[{"embeddable":true,"href":"https:\/\/elinformante.mx\/index.php?rest_route=\/wp\/v2\/media\/97534"}],"wp:attachment":[{"href":"https:\/\/elinformante.mx\/index.php?rest_route=%2Fwp%2Fv2%2Fmedia&parent=97531"}],"wp:term":[{"taxonomy":"category","embeddable":true,"href":"https:\/\/elinformante.mx\/index.php?rest_route=%2Fwp%2Fv2%2Fcategories&post=97531"},{"taxonomy":"post_tag","embeddable":true,"href":"https:\/\/elinformante.mx\/index.php?rest_route=%2Fwp%2Fv2%2Ftags&post=97531"}],"curies":[{"name":"wp","href":"https:\/\/api.w.org\/{rel}","templated":true}]}}