{"id":97538,"date":"2025-12-12T05:55:45","date_gmt":"2025-12-12T11:55:45","guid":{"rendered":"https:\/\/elinformante.mx\/?p=97538"},"modified":"2025-12-12T05:55:53","modified_gmt":"2025-12-12T11:55:53","slug":"entrega-ramirez-ponce-nueva-plaza-civica-de-la-capilla-huitzizilapan","status":"publish","type":"post","link":"https:\/\/elinformante.mx\/?p=97538","title":{"rendered":"Entrega Ram\u00edrez Ponce nueva Plaza C\u00edvica de La Capilla Huitzizilapan"},"content":{"rendered":"\n<figure class=\"wp-block-pullquote\"><blockquote><p>Autoridades locales y vecinos participaron en la ceremonia de inauguraci\u00f3n.<\/p><\/blockquote><\/figure>\n\n\n\n<p class=\"has-drop-cap\">El presidente municipal de Lerma, Miguel \u00c1ngel Ram\u00edrez Ponce, inaugur\u00f3 recientemente la nueva Plaza C\u00edvica de La Capilla Huitzizilapan. Esta obra incluye una gran explanada; y fue entregada a la comunidad como parte de las acciones de mejora de infraestructura en Lerma.<br><\/p>\n\n\n\n<p>La entrega de esta plaza es parte de los esfuerzos continuos de la administraci\u00f3n de Ram\u00edrez Ponce para llevar a cabo obras p\u00fablicas y mejorar la calidad de vida de las familias en las diversas comunidades de Lerma, como San Pedro Huitzizilapan y San Lorenzo Huitzizilapan.<br><\/p>\n\n\n\n<figure class=\"wp-block-image size-large\"><img fetchpriority=\"high\" decoding=\"async\" width=\"1024\" height=\"506\" src=\"https:\/\/elinformante.mx\/wp-content\/uploads\/2025\/12\/11lerma-3-1024x506.jpg\" alt=\"\" class=\"wp-image-97543\" srcset=\"https:\/\/elinformante.mx\/wp-content\/uploads\/2025\/12\/11lerma-3-1024x506.jpg 1024w, https:\/\/elinformante.mx\/wp-content\/uploads\/2025\/12\/11lerma-3-300x148.jpg 300w, https:\/\/elinformante.mx\/wp-content\/uploads\/2025\/12\/11lerma-3-768x379.jpg 768w, https:\/\/elinformante.mx\/wp-content\/uploads\/2025\/12\/11lerma-3.jpg 1140w\" sizes=\"(max-width: 1024px) 100vw, 1024px\" \/><\/figure>\n\n\n\n<p>Autoridades locales y vecinos participaron en la ceremonia de inauguraci\u00f3n, destacando que \u201ccada obra entregada es un recordatorio de que el trabajo constante s\u00ed rinde frutos\u201d.<br><\/p>\n\n\n\n<p>Se\u00f1alaron las autoridades de Lerma que esta nueva explanada es ahora una realidad para las y los ciudadanos, quienes a partir de hoy cuentan con un espacio digno para disfrutar de bailes, eventos culturales y festividades.<br><\/p>\n\n\n\n<p>Para la comunidad, este proyecto representa un sue\u00f1o hecho realidad, y me llena de orgullo ser testigo de este importante avance para su bienestar y convivencia.<\/p>\n","protected":false},"excerpt":{"rendered":"<p>Autoridades locales y vecinos participaron en la ceremonia de inauguraci\u00f3n. El presidente municipal de Lerma, Miguel \u00c1ngel Ram\u00edrez Ponce, inaugur\u00f3 recientemente la nueva Plaza C\u00edvica de La Capilla Huitzizilapan. Esta obra incluye una gran explanada; y fue entregada a la comunidad como parte de las acciones de mejora de infraestructura en Lerma. La entrega de [&hellip;]<\/p>\n","protected":false},"author":1,"featured_media":97542,"comment_status":"closed","ping_status":"closed","sticky":false,"template":"","format":"standard","meta":{"footnotes":""},"categories":[36],"tags":[],"class_list":["post-97538","post","type-post","status-publish","format-standard","has-post-thumbnail","hentry","category-edomex"],"_links":{"self":[{"href":"https:\/\/elinformante.mx\/index.php?rest_route=\/wp\/v2\/posts\/97538","targetHints":{"allow":["GET"]}}],"collection":[{"href":"https:\/\/elinformante.mx\/index.php?rest_route=\/wp\/v2\/posts"}],"about":[{"href":"https:\/\/elinformante.mx\/index.php?rest_route=\/wp\/v2\/types\/post"}],"author":[{"embeddable":true,"href":"https:\/\/elinformante.mx\/index.php?rest_route=\/wp\/v2\/users\/1"}],"replies":[{"embeddable":true,"href":"https:\/\/elinformante.mx\/index.php?rest_route=%2Fwp%2Fv2%2Fcomments&post=97538"}],"version-history":[{"count":0,"href":"https:\/\/elinformante.mx\/index.php?rest_route=\/wp\/v2\/posts\/97538\/revisions"}],"wp:featuredmedia":[{"embeddable":true,"href":"https:\/\/elinformante.mx\/index.php?rest_route=\/wp\/v2\/media\/97542"}],"wp:attachment":[{"href":"https:\/\/elinformante.mx\/index.php?rest_route=%2Fwp%2Fv2%2Fmedia&parent=97538"}],"wp:term":[{"taxonomy":"category","embeddable":true,"href":"https:\/\/elinformante.mx\/index.php?rest_route=%2Fwp%2Fv2%2Fcategories&post=97538"},{"taxonomy":"post_tag","embeddable":true,"href":"https:\/\/elinformante.mx\/index.php?rest_route=%2Fwp%2Fv2%2Ftags&post=97538"}],"curies":[{"name":"wp","href":"https:\/\/api.w.org\/{rel}","templated":true}]}}