{"id":97541,"date":"2025-12-12T06:00:37","date_gmt":"2025-12-12T12:00:37","guid":{"rendered":"https:\/\/elinformante.mx\/?p=97541"},"modified":"2025-12-12T06:00:44","modified_gmt":"2025-12-12T12:00:44","slug":"se-pone-en-marcha-en-san-mateo-atenco-el-operativo-decembrino-de-seguridad-2025","status":"publish","type":"post","link":"https:\/\/elinformante.mx\/?p=97541","title":{"rendered":"Se pone en marcha en San Mateo Atenco el Operativo Decembrino de Seguridad 2025"},"content":{"rendered":"\n<figure class=\"wp-block-pullquote\"><blockquote><p>Ana Mu\u00f1iz Neyra destac\u00f3 que el operativo se ejecuta con un enfoque de prevenci\u00f3n y colaboraci\u00f3n ciudadana.<\/p><\/blockquote><\/figure>\n\n\n\n<p class=\"has-drop-cap\">Con el prop\u00f3sito de garantizar la seguridad y la paz de habitantes y visitantes durante la temporada decembrina, el Gobierno municipal de San Mateo Atenco puso en marcha el Operativo Decembrino 2025, con el cual se fortalecen las acciones de prevenci\u00f3n, protecci\u00f3n y vigilancia en todo el territorio municipal.<br><\/p>\n\n\n\n<p>La presidenta municipal Ana Mu\u00f1iz Neyra destac\u00f3 que el operativo se ejecuta con un enfoque de prevenci\u00f3n y colaboraci\u00f3n ciudadana; destac\u00f3 que la Direcci\u00f3n de Seguridad Humana, Orden Vial y Protecci\u00f3n Civil reforzar\u00e1 la vigilancia en vialidades y otros espacios p\u00fablicos como parques, plazas de calzado, centros de barrio, tianguis y puentes peatonales, entre otros.<br><\/p>\n\n\n\n<p>De esta forma se podr\u00e1 asegurar el buen flujo del tr\u00e1nsito vehicular, con operativos espec\u00edficos como el operativo \u201cRueda Seguro\u201d que se implementar\u00e1 para salvaguardar la integridad de motociclistas.<br><\/p>\n\n\n\n<p>Explicaron las autoridades que estas acciones se desarrollan de forma coordinada con la Polic\u00eda Estatal y la Guardia Nacional, adem\u00e1s de la colaboraci\u00f3n permanente con las corporaciones de los municipios vecinos de esta zona del Valle de Toluca.<br><\/p>\n\n\n\n<p>Se\u00f1alaron que el \u201cOperativo Decembrino\u201d tiene un enfoque preventivo, ya que est\u00e1 dise\u00f1ado para inhibir actos delictivos mediante la vigilancia oportuna y la participaci\u00f3n colaborativa de la ciudadan\u00eda.<br><\/p>\n\n\n\n<p>Mu\u00f1iz Neyra pidi\u00f3 a la poblaci\u00f3n reducir el consumo de bebidas alcoh\u00f3licas. Indic\u00f3 que, en esta temporada, aumentan los accidentes de tr\u00e1nsito y los casos de violencia familiar, adem\u00e1s de crecer los incidentes de violencia contra mujeres, donde el alcohol suele ser un factor determinante.<br><\/p>\n\n\n\n<p>La funcionaria subray\u00f3 que la prevenci\u00f3n inicia en el hogar y que el autocuidado contribuye al \u00e9xito del operativo.<br><\/p>\n\n\n\n<p>Reiter\u00f3 el exhorto a utilizar los canales oficiales de atenci\u00f3n en caso de alguna emergencia, ya sea a trav\u00e9s del 9-1-1, mediante los botones de emergencia instalados en los puntos de monitoreo inteligente distribuidos en todo el municipio o directamente al n\u00famero 089 de denuncia an\u00f3nima.<\/p>\n","protected":false},"excerpt":{"rendered":"<p>Ana Mu\u00f1iz Neyra destac\u00f3 que el operativo se ejecuta con un enfoque de prevenci\u00f3n y colaboraci\u00f3n ciudadana. Con el prop\u00f3sito de garantizar la seguridad y la paz de habitantes y visitantes durante la temporada decembrina, el Gobierno municipal de San Mateo Atenco puso en marcha el Operativo Decembrino 2025, con el cual se fortalecen las [&hellip;]<\/p>\n","protected":false},"author":1,"featured_media":97545,"comment_status":"closed","ping_status":"closed","sticky":false,"template":"","format":"standard","meta":{"footnotes":""},"categories":[30,36],"tags":[],"class_list":["post-97541","post","type-post","status-publish","format-standard","has-post-thumbnail","hentry","category-destacado","category-edomex"],"_links":{"self":[{"href":"https:\/\/elinformante.mx\/index.php?rest_route=\/wp\/v2\/posts\/97541","targetHints":{"allow":["GET"]}}],"collection":[{"href":"https:\/\/elinformante.mx\/index.php?rest_route=\/wp\/v2\/posts"}],"about":[{"href":"https:\/\/elinformante.mx\/index.php?rest_route=\/wp\/v2\/types\/post"}],"author":[{"embeddable":true,"href":"https:\/\/elinformante.mx\/index.php?rest_route=\/wp\/v2\/users\/1"}],"replies":[{"embeddable":true,"href":"https:\/\/elinformante.mx\/index.php?rest_route=%2Fwp%2Fv2%2Fcomments&post=97541"}],"version-history":[{"count":0,"href":"https:\/\/elinformante.mx\/index.php?rest_route=\/wp\/v2\/posts\/97541\/revisions"}],"wp:featuredmedia":[{"embeddable":true,"href":"https:\/\/elinformante.mx\/index.php?rest_route=\/wp\/v2\/media\/97545"}],"wp:attachment":[{"href":"https:\/\/elinformante.mx\/index.php?rest_route=%2Fwp%2Fv2%2Fmedia&parent=97541"}],"wp:term":[{"taxonomy":"category","embeddable":true,"href":"https:\/\/elinformante.mx\/index.php?rest_route=%2Fwp%2Fv2%2Fcategories&post=97541"},{"taxonomy":"post_tag","embeddable":true,"href":"https:\/\/elinformante.mx\/index.php?rest_route=%2Fwp%2Fv2%2Ftags&post=97541"}],"curies":[{"name":"wp","href":"https:\/\/api.w.org\/{rel}","templated":true}]}}