{"id":97544,"date":"2025-12-12T06:05:24","date_gmt":"2025-12-12T12:05:24","guid":{"rendered":"https:\/\/elinformante.mx\/?p=97544"},"modified":"2025-12-12T06:05:29","modified_gmt":"2025-12-12T12:05:29","slug":"programa-de-audiencias-justicia-cercana-avanza-con-participacion-ciudadana-activa","status":"publish","type":"post","link":"https:\/\/elinformante.mx\/?p=97544","title":{"rendered":"Programa de Audiencias Justicia Cercana avanza con participaci\u00f3n ciudadana activa"},"content":{"rendered":"\n<figure class=\"wp-block-pullquote\"><blockquote><p>-La segunda sesi\u00f3n del programa permiti\u00f3 exponer inquietudes sobre tr\u00e1mites, juzgados y casos familiares.<\/p><\/blockquote><\/figure>\n\n\n\n<p class=\"has-drop-cap\">El Magistrado H\u00e9ctor Macedo Garc\u00eda, Presidente del Tribunal Superior de Justicia del Estado de M\u00e9xico, encabez\u00f3 la segunda jornada ciudadana del Programa de Audiencias Justicia Cercana en el Palacio de Justicia de Tlalnepantla, donde atendi\u00f3 a 32 habitantes del Valle de M\u00e9xico, quienes compartieron inquietudes, vivencias y necesidades relacionadas con el sistema judicial.<br><\/p>\n\n\n\n<p>Las y los asistentes expresaron preocupaciones sobre los tiempos de sus procesos judiciales, experiencias como usuarias y usuarios, \u00e1reas que requieren fortalecimiento, requerimientos en juzgados y situaciones en materia familiar que demandan acompa\u00f1amiento institucional. Cada relato fue escuchado con sensibilidad, otorgando orientaci\u00f3n inmediata y canalizaci\u00f3n puntual a las \u00e1reas correspondientes.<br><\/p>\n\n\n\n<p>El Magistrado Presidente mantuvo un di\u00e1logo respetuoso con cada persona, abri\u00f3 espacios de escucha sin prisa y gener\u00f3 un ambiente propicio para expresar dudas, miedos y expectativas. Este acercamiento permiti\u00f3 identificar puntos cr\u00edticos, reconocer fallas operativas y ubicar oportunidades para mejorar la atenci\u00f3n cotidiana en los \u00f3rganos jurisdiccionales.<br><\/p>\n\n\n\n<p>El ejercicio inici\u00f3 a las ocho de la ma\u00f1ana y concluy\u00f3 a las ocho de la noche, acercando la justicia a quienes la necesitan y buscando consolidar una relaci\u00f3n m\u00e1s humana entre la instituci\u00f3n y la ciudadan\u00eda. A trav\u00e9s de este mecanismo, el Poder Judicial mexiquense refrenda su compromiso de brindar un servicio confiable y sensible frente a los desaf\u00edos que enfrenta la poblaci\u00f3n al resolver asuntos legales.<br><\/p>\n\n\n\n<p>Con esta sesi\u00f3n, suman 70 personas atendidas en los dos encuentros del \u00abPrograma de Audiencias Justicia Cercana\u00bb, iniciativa que contin\u00faa tejiendo puentes de confianza y participaci\u00f3n social.<br><\/p>\n\n\n\n<p>De cara al pr\u00f3ximo a\u00f1o, el Poder Judicial del Estado de M\u00e9xico ampliar\u00e1 este ejercicio de cercan\u00eda, llevando las sesiones a todas las regiones de la entidad para garantizar que m\u00e1s personas puedan ser escuchadas sin necesidad de trasladarse grandes distancias.<\/p>\n","protected":false},"excerpt":{"rendered":"<p>-La segunda sesi\u00f3n del programa permiti\u00f3 exponer inquietudes sobre tr\u00e1mites, juzgados y casos familiares. El Magistrado H\u00e9ctor Macedo Garc\u00eda, Presidente del Tribunal Superior de Justicia del Estado de M\u00e9xico, encabez\u00f3 la segunda jornada ciudadana del Programa de Audiencias Justicia Cercana en el Palacio de Justicia de Tlalnepantla, donde atendi\u00f3 a 32 habitantes del Valle de [&hellip;]<\/p>\n","protected":false},"author":1,"featured_media":97547,"comment_status":"closed","ping_status":"closed","sticky":false,"template":"","format":"standard","meta":{"footnotes":""},"categories":[36],"tags":[],"class_list":["post-97544","post","type-post","status-publish","format-standard","has-post-thumbnail","hentry","category-edomex"],"_links":{"self":[{"href":"https:\/\/elinformante.mx\/index.php?rest_route=\/wp\/v2\/posts\/97544","targetHints":{"allow":["GET"]}}],"collection":[{"href":"https:\/\/elinformante.mx\/index.php?rest_route=\/wp\/v2\/posts"}],"about":[{"href":"https:\/\/elinformante.mx\/index.php?rest_route=\/wp\/v2\/types\/post"}],"author":[{"embeddable":true,"href":"https:\/\/elinformante.mx\/index.php?rest_route=\/wp\/v2\/users\/1"}],"replies":[{"embeddable":true,"href":"https:\/\/elinformante.mx\/index.php?rest_route=%2Fwp%2Fv2%2Fcomments&post=97544"}],"version-history":[{"count":0,"href":"https:\/\/elinformante.mx\/index.php?rest_route=\/wp\/v2\/posts\/97544\/revisions"}],"wp:featuredmedia":[{"embeddable":true,"href":"https:\/\/elinformante.mx\/index.php?rest_route=\/wp\/v2\/media\/97547"}],"wp:attachment":[{"href":"https:\/\/elinformante.mx\/index.php?rest_route=%2Fwp%2Fv2%2Fmedia&parent=97544"}],"wp:term":[{"taxonomy":"category","embeddable":true,"href":"https:\/\/elinformante.mx\/index.php?rest_route=%2Fwp%2Fv2%2Fcategories&post=97544"},{"taxonomy":"post_tag","embeddable":true,"href":"https:\/\/elinformante.mx\/index.php?rest_route=%2Fwp%2Fv2%2Ftags&post=97544"}],"curies":[{"name":"wp","href":"https:\/\/api.w.org\/{rel}","templated":true}]}}