{"id":97546,"date":"2025-12-12T06:07:30","date_gmt":"2025-12-12T12:07:30","guid":{"rendered":"https:\/\/elinformante.mx\/?p=97546"},"modified":"2025-12-12T06:07:38","modified_gmt":"2025-12-12T12:07:38","slug":"participa-evangelina-sales-de-la-uaemex-en-semana-anticorrupcion-de-la-secretaria-de-la-contraloria","status":"publish","type":"post","link":"https:\/\/elinformante.mx\/?p=97546","title":{"rendered":"Participa Evangelina Sales, de la UAEM\u00e9x, en Semana Anticorrupci\u00f3n de la Secretar\u00eda de la Contralor\u00eda"},"content":{"rendered":"\n<figure class=\"wp-block-pullquote\"><blockquote><p>-En la Escuela Judicial del Estado de M\u00e9xico imparti\u00f3 la conferencia \u201cEl acceso a la informaci\u00f3n como medio de lucha contra la corrupci\u00f3n\u201d.<\/p><\/blockquote><\/figure>\n\n\n\n<p class=\"has-drop-cap\">Como parte de las actividades organizadas por la Secretar\u00eda de la Contralor\u00eda de la entidad en el marco de la Semana Anticorrupci\u00f3n 2025, la Consejera Jur\u00eddica de la Universidad Aut\u00f3noma del Estado de M\u00e9xico (UAEM\u00e9x), Evangelina Sales S\u00e1nchez, imparti\u00f3 la conferencia \u201cEl acceso a la informaci\u00f3n como medio de lucha contra la corrupci\u00f3n\u201d.<br><\/p>\n\n\n\n<p>En el Auditorio \u201cAbel Villica\u00f1a Estrada\u201d de la Escuela Judicial del Estado de M\u00e9xico, Sales S\u00e1nchez detall\u00f3 que el Derecho de Acceso a la Informaci\u00f3n (DAI) es un derecho humano reconocido en diversos instrumentos internacionales y nacionales, como la Declaraci\u00f3n Universal de los Derechos Humanos y el art\u00edculo 6\u00ba de la Constituci\u00f3n Pol\u00edtica de los Estados Unidos Mexicanos, que lo establece como garant\u00eda fundamental para todas las personas.<br><\/p>\n\n\n\n<p>Asever\u00f3 que el Derecho de Acceso a la Informaci\u00f3n P\u00fablica es fundamental, pues protege el acceso de las personas a datos relevantes como un bien b\u00e1sico que garantiza su autonom\u00eda individual, mientras que, en posesi\u00f3n de los \u00f3rganos del Estado, constituye una condici\u00f3n para el ejercicio de los derechos pol\u00edticos y libertades de expresi\u00f3n, asociaci\u00f3n, reuni\u00f3n y opini\u00f3n, a efecto de participar en la creaci\u00f3n de una voluntad colectiva.<br><\/p>\n\n\n\n<figure class=\"wp-block-image size-large\"><img fetchpriority=\"high\" decoding=\"async\" width=\"1024\" height=\"506\" src=\"https:\/\/elinformante.mx\/wp-content\/uploads\/2025\/12\/10uaemex-6-1024x506.jpg\" alt=\"\" class=\"wp-image-97550\" srcset=\"https:\/\/elinformante.mx\/wp-content\/uploads\/2025\/12\/10uaemex-6-1024x506.jpg 1024w, https:\/\/elinformante.mx\/wp-content\/uploads\/2025\/12\/10uaemex-6-300x148.jpg 300w, https:\/\/elinformante.mx\/wp-content\/uploads\/2025\/12\/10uaemex-6-768x379.jpg 768w, https:\/\/elinformante.mx\/wp-content\/uploads\/2025\/12\/10uaemex-6.jpg 1140w\" sizes=\"(max-width: 1024px) 100vw, 1024px\" \/><\/figure>\n\n\n\n<p>Esta doble dimensi\u00f3n del DAI permite comprender su papel como herramienta para la toma de decisiones personales y como mecanismo para la supervisi\u00f3n social del desempe\u00f1o gubernamental.<br><\/p>\n\n\n\n<p>Resalt\u00f3 que la transparencia es un principio de interpretaci\u00f3n y aplicaci\u00f3n de la ley, y del desempe\u00f1o de la funci\u00f3n p\u00fablica y el gobierno abierto, consistente en el deber de todo servidor p\u00fablico de hacer del conocimiento general la informaci\u00f3n que genere, posea o administre en ejercicio de sus atribuciones.<br><\/p>\n\n\n\n<p>Subray\u00f3 que la utilidad del DAI se refleja en diversos casos emblem\u00e1ticos como San Fernando, Tamaulipas; Tlatelolco; Ayotzinapa, entre otros, en los que el acceso a la informaci\u00f3n permiti\u00f3 reconstruir hechos, identificar responsabilidades institucionales y fortalecer el escrutinio p\u00fablico frente a situaciones de alto impacto social.<br><\/p>\n\n\n\n<p>Asimismo, explic\u00f3 que el r\u00e9gimen de transparencia en M\u00e9xico experiment\u00f3 cambios sustantivos con la reforma constitucional y la publicaci\u00f3n de la nueva Ley General de Transparencia y Acceso a la Informaci\u00f3n P\u00fablica, en marzo de 2025.<\/p>\n","protected":false},"excerpt":{"rendered":"<p>-En la Escuela Judicial del Estado de M\u00e9xico imparti\u00f3 la conferencia \u201cEl acceso a la informaci\u00f3n como medio de lucha contra la corrupci\u00f3n\u201d. Como parte de las actividades organizadas por la Secretar\u00eda de la Contralor\u00eda de la entidad en el marco de la Semana Anticorrupci\u00f3n 2025, la Consejera Jur\u00eddica de la Universidad Aut\u00f3noma del Estado [&hellip;]<\/p>\n","protected":false},"author":1,"featured_media":97549,"comment_status":"closed","ping_status":"closed","sticky":false,"template":"","format":"standard","meta":{"footnotes":""},"categories":[30,36],"tags":[],"class_list":["post-97546","post","type-post","status-publish","format-standard","has-post-thumbnail","hentry","category-destacado","category-edomex"],"_links":{"self":[{"href":"https:\/\/elinformante.mx\/index.php?rest_route=\/wp\/v2\/posts\/97546","targetHints":{"allow":["GET"]}}],"collection":[{"href":"https:\/\/elinformante.mx\/index.php?rest_route=\/wp\/v2\/posts"}],"about":[{"href":"https:\/\/elinformante.mx\/index.php?rest_route=\/wp\/v2\/types\/post"}],"author":[{"embeddable":true,"href":"https:\/\/elinformante.mx\/index.php?rest_route=\/wp\/v2\/users\/1"}],"replies":[{"embeddable":true,"href":"https:\/\/elinformante.mx\/index.php?rest_route=%2Fwp%2Fv2%2Fcomments&post=97546"}],"version-history":[{"count":0,"href":"https:\/\/elinformante.mx\/index.php?rest_route=\/wp\/v2\/posts\/97546\/revisions"}],"wp:featuredmedia":[{"embeddable":true,"href":"https:\/\/elinformante.mx\/index.php?rest_route=\/wp\/v2\/media\/97549"}],"wp:attachment":[{"href":"https:\/\/elinformante.mx\/index.php?rest_route=%2Fwp%2Fv2%2Fmedia&parent=97546"}],"wp:term":[{"taxonomy":"category","embeddable":true,"href":"https:\/\/elinformante.mx\/index.php?rest_route=%2Fwp%2Fv2%2Fcategories&post=97546"},{"taxonomy":"post_tag","embeddable":true,"href":"https:\/\/elinformante.mx\/index.php?rest_route=%2Fwp%2Fv2%2Ftags&post=97546"}],"curies":[{"name":"wp","href":"https:\/\/api.w.org\/{rel}","templated":true}]}}