{"id":97558,"date":"2025-12-12T06:38:30","date_gmt":"2025-12-12T12:38:30","guid":{"rendered":"https:\/\/elinformante.mx\/?p=97558"},"modified":"2025-12-12T06:38:33","modified_gmt":"2025-12-12T12:38:33","slug":"instala-alcaldia-cuauhtemoc-consejo-asesor-de-movilidad-y-seguridad-vial","status":"publish","type":"post","link":"https:\/\/elinformante.mx\/?p=97558","title":{"rendered":"Instala alcald\u00eda Cuauht\u00e9moc consejo asesor de movilidad y seguridad vial"},"content":{"rendered":"\n<figure class=\"wp-block-pullquote\"><blockquote><p>-El Consejo asesorar\u00e1, evaluar\u00e1 y propondr\u00e1 acciones para mejorar la movilidad, la seguridad vial y el uso del espacio p\u00fablico en la alcald\u00eda.<\/p><\/blockquote><\/figure>\n\n\n\n<p class=\"has-drop-cap\">El Gobierno encabezado por la alcaldesa Alessandra Rojo de la Vega llev\u00f3 a cabo la instalaci\u00f3n y primera sesi\u00f3n del Consejo Asesor de Movilidad y Seguridad Vial de la Alcald\u00eda Cuauht\u00e9moc, un \u00f3rgano que funcionar\u00e1 como espacio de consulta, asesor\u00eda y deliberaci\u00f3n para el dise\u00f1o, evaluaci\u00f3n y seguimiento de las pol\u00edticas en materia de movilidad, seguridad vial y uso del espacio p\u00fablico. Este Consejo tambi\u00e9n operar\u00e1 para atender demandas ciudadanas y fortalecer la coordinaci\u00f3n con dependencias del Gobierno de la Ciudad de M\u00e9xico.<br><\/p>\n\n\n\n<p>Integran este consejo directores generales, concejales y representantes de SEMOVI, del Colegio de Urbanistas de M\u00e9xico, M\u00e9xico Previene, Refleacciona con Responsabilidad, Carnaval Ciclista de Ciudad de M\u00e9xico y BICIBUS, quienes expusieron los principales desaf\u00edos de movilidad en la demarcaci\u00f3n.<br><\/p>\n\n\n\n<p>Entre las preocupaciones recurrentes se mencionaron el incremento de siniestros relacionados con motociclistas, la desproporci\u00f3n de muertes viales de peatones y ciclistas, la falta de infraestructura peatonal y ciclista segura, la invasi\u00f3n del espacio p\u00fablico y de \u00e1reas peatonales, as\u00ed como cruces y entornos escolares que siguen representando riesgos, especialmente para ni\u00f1as y ni\u00f1os.<br><\/p>\n\n\n\n<p>Durante la sesi\u00f3n se subray\u00f3 la necesidad de actuar con prontitud, considerando que la Cuauht\u00e9moc es una de las zonas m\u00e1s transitadas de la ciudad.<br><\/p>\n\n\n\n<p>Las y los participantes coincidieron en que este consejo debe convertirse en un espacio permanente de di\u00e1logo y toma de decisiones basadas en participaci\u00f3n ciudadana y trabajo coordinado.<br><\/p>\n\n\n\n<p>Recalcaron que la alcald\u00eda debe avanzar hacia infraestructura m\u00e1s segura, cruces accesibles, mejor ordenamiento del espacio p\u00fablico, movilidad escolar protegida, fortalecimiento de la movilidad activa y una estrategia de visi\u00f3n cero que permita prevenir muertes viales.<br><\/p>\n\n\n\n<p>Finalmente, se destac\u00f3 que, pese a limitaciones presupuestales, la alcald\u00eda ha logrado avances importantes en rehabilitaci\u00f3n de banquetas, operaciones de seguridad vial, retiro de veh\u00edculos abandonados y mejoras en alumbrado p\u00fablico mediante el programa Brilla Cuauht\u00e9moc.<\/p>\n","protected":false},"excerpt":{"rendered":"<p>-El Consejo asesorar\u00e1, evaluar\u00e1 y propondr\u00e1 acciones para mejorar la movilidad, la seguridad vial y el uso del espacio p\u00fablico en la alcald\u00eda. El Gobierno encabezado por la alcaldesa Alessandra Rojo de la Vega llev\u00f3 a cabo la instalaci\u00f3n y primera sesi\u00f3n del Consejo Asesor de Movilidad y Seguridad Vial de la Alcald\u00eda Cuauht\u00e9moc, un [&hellip;]<\/p>\n","protected":false},"author":1,"featured_media":97566,"comment_status":"closed","ping_status":"closed","sticky":false,"template":"","format":"standard","meta":{"footnotes":""},"categories":[35,30],"tags":[],"class_list":["post-97558","post","type-post","status-publish","format-standard","has-post-thumbnail","hentry","category-cdmx","category-destacado"],"_links":{"self":[{"href":"https:\/\/elinformante.mx\/index.php?rest_route=\/wp\/v2\/posts\/97558","targetHints":{"allow":["GET"]}}],"collection":[{"href":"https:\/\/elinformante.mx\/index.php?rest_route=\/wp\/v2\/posts"}],"about":[{"href":"https:\/\/elinformante.mx\/index.php?rest_route=\/wp\/v2\/types\/post"}],"author":[{"embeddable":true,"href":"https:\/\/elinformante.mx\/index.php?rest_route=\/wp\/v2\/users\/1"}],"replies":[{"embeddable":true,"href":"https:\/\/elinformante.mx\/index.php?rest_route=%2Fwp%2Fv2%2Fcomments&post=97558"}],"version-history":[{"count":0,"href":"https:\/\/elinformante.mx\/index.php?rest_route=\/wp\/v2\/posts\/97558\/revisions"}],"wp:featuredmedia":[{"embeddable":true,"href":"https:\/\/elinformante.mx\/index.php?rest_route=\/wp\/v2\/media\/97566"}],"wp:attachment":[{"href":"https:\/\/elinformante.mx\/index.php?rest_route=%2Fwp%2Fv2%2Fmedia&parent=97558"}],"wp:term":[{"taxonomy":"category","embeddable":true,"href":"https:\/\/elinformante.mx\/index.php?rest_route=%2Fwp%2Fv2%2Fcategories&post=97558"},{"taxonomy":"post_tag","embeddable":true,"href":"https:\/\/elinformante.mx\/index.php?rest_route=%2Fwp%2Fv2%2Ftags&post=97558"}],"curies":[{"name":"wp","href":"https:\/\/api.w.org\/{rel}","templated":true}]}}