{"id":97567,"date":"2025-12-12T06:48:40","date_gmt":"2025-12-12T12:48:40","guid":{"rendered":"https:\/\/elinformante.mx\/?p=97567"},"modified":"2025-12-12T06:48:45","modified_gmt":"2025-12-12T12:48:45","slug":"clara-brugada-celebra-reconocimiento-de-la-pasion-de-cristo-en-iztapalapa-por-la-unesco","status":"publish","type":"post","link":"https:\/\/elinformante.mx\/?p=97567","title":{"rendered":"Clara Brugada celebra reconocimiento de la Pasi\u00f3n de Cristo en Iztapalapa por la UNESCO"},"content":{"rendered":"\n<figure class=\"wp-block-pullquote\"><blockquote><p>-La Representaci\u00f3n de la Pasi\u00f3n de Cristo en Iztapalapa cuenta con 182 a\u00f1os de tradici\u00f3n e historia y es reconocida como Patrimonio Cultural Inmaterial de la Humanidad.<\/p><\/blockquote><\/figure>\n\n\n\n<p class=\"has-drop-cap\">La Jefa de Gobierno, Clara Brugada Molina, celebr\u00f3 el reconocimiento otorgado por la Organizaci\u00f3n de las Naciones Unidas para la Educaci\u00f3n, la Ciencia y la Cultura (Unesco) a la representaci\u00f3n de la Pasi\u00f3n de Cristo, en Iztapalapa, como Patrimonio Cultural Inmaterial de la Humanidad.<br><\/p>\n\n\n\n<p>La titular del Ejecutivo local destac\u00f3 que esta tradici\u00f3n comunitaria, con 182 a\u00f1os de historia, es hoy un s\u00edmbolo mundial de identidad, resistencia cultural y organizaci\u00f3n social.<br><\/p>\n\n\n\n<p>Se\u00f1al\u00f3 que este logro pertenece a los Ocho Barrios de Iztapalapa y a miles de personas que a\u00f1o con a\u00f1o sostienen esta manifestaci\u00f3n que ha trascendido generaciones y momentos hist\u00f3ricos.<br><\/p>\n\n\n\n<p>Subray\u00f3 que este reconocimiento internacional confirma la grandeza cultural de Iztapalapa y coloca a la Ciudad de M\u00e9xico en el mapa global de las expresiones comunitarias de mayor relevancia.<br><\/p>\n\n\n\n<p>Destac\u00f3 que tras la declaratoria se inicia una nueva etapa enfocada en la salvaguarda obligatoria de la tradici\u00f3n, en la que el Gobierno de la Ciudad de M\u00e9xico tendr\u00e1 un papel fundamental.<br><\/p>\n\n\n\n<p>Instruy\u00f3 a la Secretar\u00eda de Cultura capitalina a garantizar de inmediato los espacios solicitados por el comit\u00e9 organizador para ensayos y trabajos preparatorios, y afirm\u00f3 que la administraci\u00f3n local destinar\u00e1 los recursos necesarios para proteger y fortalecer esta celebraci\u00f3n hist\u00f3rica.<br><\/p>\n\n\n\n<p>Reiter\u00f3 que el reconocimiento de la Unesco convierte a la representaci\u00f3n de la Semana Santa en un tesoro cultural del mundo, pero sobre todo reafirma el orgullo y la identidad de Iztapalapa.<br><\/p>\n\n\n\n<p>El presidente del Comit\u00e9 Organizador de la Semana Santa en Ixtapalapa A. C. (COSSIAC), Alfonso Reyes, afirm\u00f3 que el reconocimiento de esta tradici\u00f3n cultural por la Unesco llev\u00f3 un proceso de m\u00e1s de 20 a\u00f1os de trabajo continuo, por lo que se dijo orgulloso de este reconocimiento mundial.<br><\/p>\n\n\n\n<p>Reyes agradeci\u00f3 a las autoridades de los tres niveles de gobierno y a la comunidad de los Ocho Barrios de Iztapalapa por su apoyo permanente para alcanzar este logro, \u201cGracias a la Jefa de Gobierno por el respeto y respaldo que ha tenido por nuestra representaci\u00f3n\u201d, resalt\u00f3.<br><\/p>\n\n\n\n<p>La secretaria de Cultura del Gobierno de M\u00e9xico, Claudia Curiel de Icaza, resalt\u00f3 la importancia de la distinci\u00f3n otorgada por la Unesco como un mensaje social y pol\u00edtico.<br><\/p>\n\n\n\n<p>En primer lugar, por reconocer la fuerza comunitaria de Iztapalapa. Segundo, por la vinculaci\u00f3n de dicha organizaci\u00f3n de esta tradici\u00f3n con objetivos como la inclusi\u00f3n social, la igualdad de g\u00e9nero, el trabajo y la paz, justicia e instituciones s\u00f3lidas. Y tercero, porque esta inscripci\u00f3n es el resultado de un camino largo impulsado desde la comunidad.<br><\/p>\n\n\n\n<p>Asimismo, refrend\u00f3 el compromiso de la dependencia de cultura federal, para seguir trabajando de manera colaborativa a fin de que este reconocimiento no sea un punto de llegada, sino un punto de partida para fortalecer la salvaguarda de la tradici\u00f3n y ampliar el ejercicio de los derechos culturales.<br><\/p>\n\n\n\n<p>El titular de la Unidad de Culturas Vivas, Patrimonio Inmaterial e Interculturalidad, Diego Prieto, reconoci\u00f3 el trabajo de los ocho barrios originarios de Iztapalapa y del COSSIAC, as\u00ed como la colaboraci\u00f3n de diversas instituciones culturales que durante a\u00f1os construyeron el expediente que permiti\u00f3 que la representaci\u00f3n del Viacrucis de Iztapalapa fuera inscrita por la Unesco como Patrimonio Cultural Inmaterial de la Humanidad.<br><\/p>\n\n\n\n<p>Se\u00f1al\u00f3 que este logro coloca, por primera vez, a una tradici\u00f3n profundamente vinculada a la Ciudad de M\u00e9xico dentro de la lista internacional de patrimonio vivo.<br><\/p>\n\n\n\n<p>Destac\u00f3 que el comit\u00e9 de la Unesco elogi\u00f3 la calidad del expediente y la observancia del consentimiento libre y comunitario, elemento fundamental para valorar el patrimonio vivo.<\/p>\n","protected":false},"excerpt":{"rendered":"<p>-La Representaci\u00f3n de la Pasi\u00f3n de Cristo en Iztapalapa cuenta con 182 a\u00f1os de tradici\u00f3n e historia y es reconocida como Patrimonio Cultural Inmaterial de la Humanidad. La Jefa de Gobierno, Clara Brugada Molina, celebr\u00f3 el reconocimiento otorgado por la Organizaci\u00f3n de las Naciones Unidas para la Educaci\u00f3n, la Ciencia y la Cultura (Unesco) a [&hellip;]<\/p>\n","protected":false},"author":1,"featured_media":97570,"comment_status":"closed","ping_status":"closed","sticky":false,"template":"","format":"standard","meta":{"footnotes":""},"categories":[35,30],"tags":[],"class_list":["post-97567","post","type-post","status-publish","format-standard","has-post-thumbnail","hentry","category-cdmx","category-destacado"],"_links":{"self":[{"href":"https:\/\/elinformante.mx\/index.php?rest_route=\/wp\/v2\/posts\/97567","targetHints":{"allow":["GET"]}}],"collection":[{"href":"https:\/\/elinformante.mx\/index.php?rest_route=\/wp\/v2\/posts"}],"about":[{"href":"https:\/\/elinformante.mx\/index.php?rest_route=\/wp\/v2\/types\/post"}],"author":[{"embeddable":true,"href":"https:\/\/elinformante.mx\/index.php?rest_route=\/wp\/v2\/users\/1"}],"replies":[{"embeddable":true,"href":"https:\/\/elinformante.mx\/index.php?rest_route=%2Fwp%2Fv2%2Fcomments&post=97567"}],"version-history":[{"count":0,"href":"https:\/\/elinformante.mx\/index.php?rest_route=\/wp\/v2\/posts\/97567\/revisions"}],"wp:featuredmedia":[{"embeddable":true,"href":"https:\/\/elinformante.mx\/index.php?rest_route=\/wp\/v2\/media\/97570"}],"wp:attachment":[{"href":"https:\/\/elinformante.mx\/index.php?rest_route=%2Fwp%2Fv2%2Fmedia&parent=97567"}],"wp:term":[{"taxonomy":"category","embeddable":true,"href":"https:\/\/elinformante.mx\/index.php?rest_route=%2Fwp%2Fv2%2Fcategories&post=97567"},{"taxonomy":"post_tag","embeddable":true,"href":"https:\/\/elinformante.mx\/index.php?rest_route=%2Fwp%2Fv2%2Ftags&post=97567"}],"curies":[{"name":"wp","href":"https:\/\/api.w.org\/{rel}","templated":true}]}}