{"id":97569,"date":"2025-12-12T06:55:07","date_gmt":"2025-12-12T12:55:07","guid":{"rendered":"https:\/\/elinformante.mx\/?p=97569"},"modified":"2025-12-12T06:55:12","modified_gmt":"2025-12-12T12:55:12","slug":"se-pone-en-marcha-en-puebla-el-operativo-por-el-bienestar-familiar","status":"publish","type":"post","link":"https:\/\/elinformante.mx\/?p=97569","title":{"rendered":"Se pone en marcha en Puebla el Operativo por el Bienestar Familiar"},"content":{"rendered":"\n<figure class=\"wp-block-pullquote\"><blockquote><p>-El gobernador Alejandro Armenta anunci\u00f3 el fortalecimiento de la Fiscal\u00eda General del Estado con recursos para 100 nuevos Ministerios P\u00fablicos.<\/p><\/blockquote><\/figure>\n\n\n\n<p class=\"has-drop-cap\">El gobernador Alejandro Armenta puso en marcha el Operativo \u201cPuebla Segura\u201d que, durante la temporada navide\u00f1a, realizar\u00e1 patrullajes diurnos y nocturnos, por aire y por tierra, en la zona metropolitana, con la entrega de 73 nuevas patrullas y dos nuevos helic\u00f3pteros.<br><\/p>\n\n\n\n<p>El mandatario destac\u00f3 la coordinaci\u00f3n diaria con la Secretar\u00eda de la Defensa Nacional (DEFENSA), la Guardia Nacional (GN), la Secretar\u00eda de Marina (SEMAR) y autoridades municipales para reducir delitos, proteger a las familias y garantizar un fin de a\u00f1o en paz. Por ello, anunci\u00f3 el fortalecimiento de la Fiscal\u00eda General del Estado con 50 veh\u00edculos nuevos y la incorporaci\u00f3n de 100 agentes del Ministerio P\u00fablico a partir de enero.<br><\/p>\n\n\n\n<p>El secretario ejecutivo de la Coordinaci\u00f3n del Sistema Nacional de Seguridad P\u00fablica, Miguel Cruz Garc\u00eda, inform\u00f3 que el equipamiento entregado simboliza respaldo a corporaciones que enfrentan riesgos diarios y anunci\u00f3 una inversi\u00f3n superior a 430 millones de pesos en tecnolog\u00eda, patrullas, radiocomunicaci\u00f3n, rayos X, uniformes y software institucional.<br><\/p>\n\n\n\n<p>Explic\u00f3 que 73 municipios reciben patrullas nuevas para reforzar la proximidad, adem\u00e1s de cursos, evaluaciones y programas de prevenci\u00f3n de violencia desarrollados en 197 municipios.<br><\/p>\n\n\n\n<p>El secretario de Seguridad, vicealmirante Francisco S\u00e1nchez, precis\u00f3 que \u201cPuebla Segura\u201d se mantendr\u00e1 vigente hasta el 7 de enero de 2026 con patrullajes por aire y tierra, puestos de control en carreteras y vigilancia en zonas comerciales, bancarias y tur\u00edsticas.<br><\/p>\n\n\n\n<p>Record\u00f3 que los 3 500 elementos participantes tienen la encomienda de proteger comercios, hogares, carreteras y espacios p\u00fablicos durante la temporada decembrina.<br><\/p>\n\n\n\n<p>El presidente municipal de Puebla, Jos\u00e9 Chedraui, afirm\u00f3 que la seguridad es el motor del desarrollo, del turismo y de la convivencia, y reconoci\u00f3 que el operativo responde a la estrategia nacional encabezada por la presidenta Claudia Sheinbaum.<br><\/p>\n\n\n\n<p>El evento culmin\u00f3 con la entrega de patrullas a municipios como Tepeyahualco, Chignahuapan, Juan C. Bonilla, Tecamachalco y Santa Catarina Tlaltempan, as\u00ed como con el despliegue operativo que incluye helic\u00f3pteros, torres de videovigilancia, unidades blindadas, bomberos y polic\u00eda estatal.<\/p>\n","protected":false},"excerpt":{"rendered":"<p>-El gobernador Alejandro Armenta anunci\u00f3 el fortalecimiento de la Fiscal\u00eda General del Estado con recursos para 100 nuevos Ministerios P\u00fablicos. El gobernador Alejandro Armenta puso en marcha el Operativo \u201cPuebla Segura\u201d que, durante la temporada navide\u00f1a, realizar\u00e1 patrullajes diurnos y nocturnos, por aire y por tierra, en la zona metropolitana, con la entrega de 73 [&hellip;]<\/p>\n","protected":false},"author":1,"featured_media":97572,"comment_status":"closed","ping_status":"closed","sticky":false,"template":"","format":"standard","meta":{"footnotes":""},"categories":[34],"tags":[],"class_list":["post-97569","post","type-post","status-publish","format-standard","has-post-thumbnail","hentry","category-nacional"],"_links":{"self":[{"href":"https:\/\/elinformante.mx\/index.php?rest_route=\/wp\/v2\/posts\/97569","targetHints":{"allow":["GET"]}}],"collection":[{"href":"https:\/\/elinformante.mx\/index.php?rest_route=\/wp\/v2\/posts"}],"about":[{"href":"https:\/\/elinformante.mx\/index.php?rest_route=\/wp\/v2\/types\/post"}],"author":[{"embeddable":true,"href":"https:\/\/elinformante.mx\/index.php?rest_route=\/wp\/v2\/users\/1"}],"replies":[{"embeddable":true,"href":"https:\/\/elinformante.mx\/index.php?rest_route=%2Fwp%2Fv2%2Fcomments&post=97569"}],"version-history":[{"count":0,"href":"https:\/\/elinformante.mx\/index.php?rest_route=\/wp\/v2\/posts\/97569\/revisions"}],"wp:featuredmedia":[{"embeddable":true,"href":"https:\/\/elinformante.mx\/index.php?rest_route=\/wp\/v2\/media\/97572"}],"wp:attachment":[{"href":"https:\/\/elinformante.mx\/index.php?rest_route=%2Fwp%2Fv2%2Fmedia&parent=97569"}],"wp:term":[{"taxonomy":"category","embeddable":true,"href":"https:\/\/elinformante.mx\/index.php?rest_route=%2Fwp%2Fv2%2Fcategories&post=97569"},{"taxonomy":"post_tag","embeddable":true,"href":"https:\/\/elinformante.mx\/index.php?rest_route=%2Fwp%2Fv2%2Ftags&post=97569"}],"curies":[{"name":"wp","href":"https:\/\/api.w.org\/{rel}","templated":true}]}}