{"id":97571,"date":"2025-12-12T06:57:51","date_gmt":"2025-12-12T12:57:51","guid":{"rendered":"https:\/\/elinformante.mx\/?p=97571"},"modified":"2025-12-12T06:58:09","modified_gmt":"2025-12-12T12:58:09","slug":"anuncia-mara-lezama-mejoras-en-el-imss-en-chetumal","status":"publish","type":"post","link":"https:\/\/elinformante.mx\/?p=97571","title":{"rendered":"Anuncia Mara Lezama mejoras en el IMSS en Chetumal"},"content":{"rendered":"\n<figure class=\"wp-block-pullquote\"><blockquote><p>-Como resultado de sus gestiones en CDMX, reafirma su compromiso por la salud de las personas con nuevos proyectos que contemplan mejores servicios y hospital materno infantil<\/p><\/blockquote><\/figure>\n\n\n\n<p class=\"has-drop-cap\">Al dar a conocer resultados de sus gestiones en la Ciudad de M\u00e9xico, la gobernadora Mara Lezama Espinosa present\u00f3 una amplia agenda de avances y decisiones orientadas a mejorar la infraestructura hospitalaria, garantizar la continuidad de los servicios m\u00e9dicos y consolidar la transformaci\u00f3n del sistema de salud en Quintana Roo.<br><\/p>\n\n\n\n<p>La gobernadora de Quintana Roo expres\u00f3 que, para mejorar el servicio m\u00e9dico y reforzar el programa de cirug\u00edas en el IMSS de Chetumal, ya fue autorizada la sustituci\u00f3n completa del sistema de aire acondicionado con un equipo de 180 toneladas y una manejadora adicional de 40 toneladas, cuya entrega est\u00e1 programada en 48 horas.<br><\/p>\n\n\n\n<p>Agreg\u00f3 que, al asistir a la 116 Asamblea General Ordinaria del IMSS, con la Presidenta Claudia Sheinbaum y el director general Zo\u00e9 Robledo, reafirm\u00f3 su compromiso con la salud de las y los quintanarroenses.<br><\/p>\n\n\n\n<p>Se\u00f1al\u00f3 que sostuvo una reuni\u00f3n con el director del IMSS-Bienestar, Alejandro Svarch, para concretar una visita antes de fin de a\u00f1o y trabajar sobre la instalaci\u00f3n de un hospital materno infantil en el antiguo edificio del Kumate Rodr\u00edguez.<br><\/p>\n\n\n\n<p>Asimismo, revisar un proyecto de oftalmolog\u00eda que ser\u00e1 dado a conocer m\u00e1s adelante. Un centro especializado de oftalmolog\u00eda, proyecto que, dijo, \u201cmuy pronto ser\u00e1 una realidad\u201d.<br><\/p>\n\n\n\n<p>Subray\u00f3 que el fortalecimiento del sistema de salud va acompa\u00f1ado de mejoras en seguridad, infraestructura y movilidad. Destac\u00f3 la reducci\u00f3n del 56.7% en homicidios dolosos de enero a noviembre respecto al a\u00f1o anterior, tras una reuni\u00f3n con el titular de la Secretar\u00eda de Seguridad y Protecci\u00f3n Ciudadana, Omar Garc\u00eda Harfuch.<br><\/p>\n\n\n\n<p>Asimismo, se revis\u00f3 el Plan Kukulc\u00e1n puesto en marcha para la operaci\u00f3n de la seguridad durante el mundial de f\u00fatbol, para el que hay una estrecha coordinaci\u00f3n entre los tres niveles de gobierno, considerando que Quintana Roo ha sido seleccionado como sede para el hospedaje de dos selecciones que participar\u00e1n en el mundial.<br><\/p>\n\n\n\n<p>Con la SICT, la gobernadora de Quintana Roo record\u00f3 que se trabaja en los avances y pr\u00f3xima inauguraci\u00f3n del puente Nichupt\u00e9 que ser\u00e1 de acceso gratuito; la construcci\u00f3n de la carretera Canc\u00fan-Isla Blanca, que iniciar\u00eda en enero; la rehabilitaci\u00f3n de carreteras, se\u00f1al\u00e9tica en la v\u00eda 307 y un libramiento en Tulum.<br><\/p>\n\n\n\n<p>Por otra parte, en materia de desarrollo, Mara Lezama reafirm\u00f3 que Quintana Roo es el primer estado del pa\u00eds en concretar inversiones extranjeras en el Polo de Desarrollo para el Bienestar de Chetumal, alineado al Plan M\u00e9xico que impulsa la Presidenta Claudia Sheinbaum.<br><\/p>\n\n\n\n<p>Se trata del sector de la Industria Aeroespacial, que contempla un taller de mantenimiento aeron\u00e1utico y una terminal de carga y hangares, todo con energ\u00edas limpias. Esto permitir\u00e1 la generaci\u00f3n de empleos mejor remunerados y diversificaci\u00f3n econ\u00f3mica, especialmente en el sur del estado.<br><\/p>\n\n\n\n<p>En materia de planificaci\u00f3n estrat\u00e9gica a largo plazo, record\u00f3 que ya se present\u00f3 el Plan Estrat\u00e9gico Quintana Roo 2025\u20132050, primera planeaci\u00f3n integral de largo plazo cocreada con todos los sectores sociales y productivos.<\/p>\n","protected":false},"excerpt":{"rendered":"<p>-Como resultado de sus gestiones en CDMX, reafirma su compromiso por la salud de las personas con nuevos proyectos que contemplan mejores servicios y hospital materno infantil Al dar a conocer resultados de sus gestiones en la Ciudad de M\u00e9xico, la gobernadora Mara Lezama Espinosa present\u00f3 una amplia agenda de avances y decisiones orientadas a [&hellip;]<\/p>\n","protected":false},"author":1,"featured_media":97574,"comment_status":"closed","ping_status":"closed","sticky":false,"template":"","format":"standard","meta":{"footnotes":""},"categories":[30,34],"tags":[],"class_list":["post-97571","post","type-post","status-publish","format-standard","has-post-thumbnail","hentry","category-destacado","category-nacional"],"_links":{"self":[{"href":"https:\/\/elinformante.mx\/index.php?rest_route=\/wp\/v2\/posts\/97571","targetHints":{"allow":["GET"]}}],"collection":[{"href":"https:\/\/elinformante.mx\/index.php?rest_route=\/wp\/v2\/posts"}],"about":[{"href":"https:\/\/elinformante.mx\/index.php?rest_route=\/wp\/v2\/types\/post"}],"author":[{"embeddable":true,"href":"https:\/\/elinformante.mx\/index.php?rest_route=\/wp\/v2\/users\/1"}],"replies":[{"embeddable":true,"href":"https:\/\/elinformante.mx\/index.php?rest_route=%2Fwp%2Fv2%2Fcomments&post=97571"}],"version-history":[{"count":0,"href":"https:\/\/elinformante.mx\/index.php?rest_route=\/wp\/v2\/posts\/97571\/revisions"}],"wp:featuredmedia":[{"embeddable":true,"href":"https:\/\/elinformante.mx\/index.php?rest_route=\/wp\/v2\/media\/97574"}],"wp:attachment":[{"href":"https:\/\/elinformante.mx\/index.php?rest_route=%2Fwp%2Fv2%2Fmedia&parent=97571"}],"wp:term":[{"taxonomy":"category","embeddable":true,"href":"https:\/\/elinformante.mx\/index.php?rest_route=%2Fwp%2Fv2%2Fcategories&post=97571"},{"taxonomy":"post_tag","embeddable":true,"href":"https:\/\/elinformante.mx\/index.php?rest_route=%2Fwp%2Fv2%2Ftags&post=97571"}],"curies":[{"name":"wp","href":"https:\/\/api.w.org\/{rel}","templated":true}]}}