{"id":97575,"date":"2025-12-12T07:00:17","date_gmt":"2025-12-12T13:00:17","guid":{"rendered":"https:\/\/elinformante.mx\/?p=97575"},"modified":"2025-12-12T07:00:22","modified_gmt":"2025-12-12T13:00:22","slug":"recaudara-mexico-70-mil-mdd-con-aranceles-a-paises-asiaticos-ebrard","status":"publish","type":"post","link":"https:\/\/elinformante.mx\/?p=97575","title":{"rendered":"Recaudar\u00e1 M\u00e9xico 70 mil mdd con aranceles a pa\u00edses asi\u00e1ticos: Ebrard"},"content":{"rendered":"\n<figure class=\"wp-block-pullquote\"><blockquote><p>-Durante 2025, Indonesia y Vietnam exportaron 3 mil mdd cada uno a M\u00e9xico, indic\u00f3 el secretario de Econom\u00eda.<\/p><\/blockquote><\/figure>\n\n\n\n<p class=\"has-drop-cap\">El secretario de Econom\u00eda, Ebrard, se\u00f1al\u00f3 que la imposici\u00f3n de aranceles de entre 5 a 50% aprobada para 2026 por el Senado de la Rep\u00fablica no es una medida dirigida a un pa\u00eds, sino para proteger un sector en M\u00e9xico.<br><\/p>\n\n\n\n<p>Ebrard estim\u00f3 que los aranceles servir\u00e1n para recaudar 70 mil millones de pesos y proteger 350 mil empleos de M\u00e9xico en el a\u00f1o 2026.<br><\/p>\n\n\n\n<p>No es solo una medida que tenga que ver con productos provenientes de China. No est\u00e1 descrita a un pa\u00eds, sino a diferentes fracciones arancelarias, dijo Ebrard a medios. Se\u00f1alando que en cuanto a textiles y en calzado se ha tenido un crecimiento muy relevante, as\u00ed como en otros productos de Indonesia.<br><\/p>\n\n\n\n<p>\u201cIndonesia este a\u00f1o nos export\u00f3 3 mil millones de d\u00f3lares. Vietnam igual y as\u00ed diferentes pa\u00edses. Entonces no es una medida dirigida a un pa\u00eds, es una medida dirigida a proteger un sector en M\u00e9xico, dijo.<br><\/p>\n\n\n\n<p>Explic\u00f3, adem\u00e1s, que antes de la aprobaci\u00f3n de estas medidas arancelarias hubo reuniones con empresarios para no afectar el precio de los productos mexicanos, as\u00ed como comunicaci\u00f3n con pa\u00edses asi\u00e1ticos como Corea del Sur y China, que se encuentran entre los principales afectados.<br><\/p>\n\n\n\n<p>China expres\u00f3 horas despu\u00e9s de la aprobaci\u00f3n su esperanza de que M\u00e9xico corrija sus pr\u00e1cticas err\u00f3neas de unilateralismo y proteccionismo lo antes posible para m\u00e1s de 1,400 productos provenientes del gigante asi\u00e1tico y otras naciones de la regi\u00f3n.<\/p>\n","protected":false},"excerpt":{"rendered":"<p>-Durante 2025, Indonesia y Vietnam exportaron 3 mil mdd cada uno a M\u00e9xico, indic\u00f3 el secretario de Econom\u00eda. El secretario de Econom\u00eda, Ebrard, se\u00f1al\u00f3 que la imposici\u00f3n de aranceles de entre 5 a 50% aprobada para 2026 por el Senado de la Rep\u00fablica no es una medida dirigida a un pa\u00eds, sino para proteger un [&hellip;]<\/p>\n","protected":false},"author":1,"featured_media":97578,"comment_status":"closed","ping_status":"closed","sticky":false,"template":"","format":"standard","meta":{"footnotes":""},"categories":[30,34],"tags":[],"class_list":["post-97575","post","type-post","status-publish","format-standard","has-post-thumbnail","hentry","category-destacado","category-nacional"],"_links":{"self":[{"href":"https:\/\/elinformante.mx\/index.php?rest_route=\/wp\/v2\/posts\/97575","targetHints":{"allow":["GET"]}}],"collection":[{"href":"https:\/\/elinformante.mx\/index.php?rest_route=\/wp\/v2\/posts"}],"about":[{"href":"https:\/\/elinformante.mx\/index.php?rest_route=\/wp\/v2\/types\/post"}],"author":[{"embeddable":true,"href":"https:\/\/elinformante.mx\/index.php?rest_route=\/wp\/v2\/users\/1"}],"replies":[{"embeddable":true,"href":"https:\/\/elinformante.mx\/index.php?rest_route=%2Fwp%2Fv2%2Fcomments&post=97575"}],"version-history":[{"count":0,"href":"https:\/\/elinformante.mx\/index.php?rest_route=\/wp\/v2\/posts\/97575\/revisions"}],"wp:featuredmedia":[{"embeddable":true,"href":"https:\/\/elinformante.mx\/index.php?rest_route=\/wp\/v2\/media\/97578"}],"wp:attachment":[{"href":"https:\/\/elinformante.mx\/index.php?rest_route=%2Fwp%2Fv2%2Fmedia&parent=97575"}],"wp:term":[{"taxonomy":"category","embeddable":true,"href":"https:\/\/elinformante.mx\/index.php?rest_route=%2Fwp%2Fv2%2Fcategories&post=97575"},{"taxonomy":"post_tag","embeddable":true,"href":"https:\/\/elinformante.mx\/index.php?rest_route=%2Fwp%2Fv2%2Ftags&post=97575"}],"curies":[{"name":"wp","href":"https:\/\/api.w.org\/{rel}","templated":true}]}}