{"id":97579,"date":"2025-12-12T07:03:27","date_gmt":"2025-12-12T13:03:27","guid":{"rendered":"https:\/\/elinformante.mx\/?p=97579"},"modified":"2025-12-12T07:03:43","modified_gmt":"2025-12-12T13:03:43","slug":"mexicanos-celebran-el-494-aniversario-de-la-virgen-de-guadalupe","status":"publish","type":"post","link":"https:\/\/elinformante.mx\/?p=97579","title":{"rendered":"Mexicanos celebran el 494 aniversario de la Virgen de Guadalupe"},"content":{"rendered":"\n<figure class=\"wp-block-pullquote\"><blockquote><p>El Gobierno de la Ciudad de M\u00e9xico confirm\u00f3 que arribaron a la Bas\u00edlica de Guadalupe 8.5 millones de peregrinos para celebrar a la \u2018Morenita del Tepeyac\u2019.<\/p><\/blockquote><\/figure>\n\n\n\n<p class=\"has-drop-cap\">Los mexicanos celebraron el 494 aniversario de la aparici\u00f3n de la Virgen de Guadalupe, festividad que tiene lugar cada 12 de diciembre. Las celebraciones principales se centran en la Bas\u00edlica de Guadalupe, donde millones de peregrinos se congregaron para entonar las tradicionales \u201cMa\u00f1anitas\u201d a la medianoche.<br><\/p>\n\n\n\n<p>Como cada a\u00f1o, miles de peregrinos llegaron a la Bas\u00edlica para cantarle Las Ma\u00f1anitas, una tradici\u00f3n que desde 1956 re\u00fane a grandes artistas que comparten su voz y su devoci\u00f3n.<br><\/p>\n\n\n\n<p>El Gobierno de la Ciudad de M\u00e9xico confirm\u00f3 que arribaron a la Bas\u00edlica de Guadalupe 8.5 millones de peregrinos para celebrar a la \u2018Morenita del Tepeyac\u2019. Los feligreses llegaron desde distintos puntos de la Rep\u00fablica Mexicana; algunos fieles creyentes lo hicieron en autos, peregrinaciones o caminando, cargando en sus espaldas im\u00e1genes de la \u2018Virgencita\u2019.<br><\/p>\n\n\n\n<p>Al interior de la Bas\u00edlica de Guadalupe, m\u00faltiples ciudadanos pasaron a dedicarle canciones a la Virgen de Guadalupe; algunos feligreses manifestaron su eterno agradecimiento por cada una de sus peticiones cumplidas; por tal motivo, pasaron a cantarle unas estrofas.<\/p>\n","protected":false},"excerpt":{"rendered":"<p>El Gobierno de la Ciudad de M\u00e9xico confirm\u00f3 que arribaron a la Bas\u00edlica de Guadalupe 8.5 millones de peregrinos para celebrar a la \u2018Morenita del Tepeyac\u2019. Los mexicanos celebraron el 494 aniversario de la aparici\u00f3n de la Virgen de Guadalupe, festividad que tiene lugar cada 12 de diciembre. Las celebraciones principales se centran en la [&hellip;]<\/p>\n","protected":false},"author":1,"featured_media":97581,"comment_status":"closed","ping_status":"closed","sticky":false,"template":"","format":"standard","meta":{"footnotes":""},"categories":[30,34,31],"tags":[],"class_list":["post-97579","post","type-post","status-publish","format-standard","has-post-thumbnail","hentry","category-destacado","category-nacional","category-portada"],"_links":{"self":[{"href":"https:\/\/elinformante.mx\/index.php?rest_route=\/wp\/v2\/posts\/97579","targetHints":{"allow":["GET"]}}],"collection":[{"href":"https:\/\/elinformante.mx\/index.php?rest_route=\/wp\/v2\/posts"}],"about":[{"href":"https:\/\/elinformante.mx\/index.php?rest_route=\/wp\/v2\/types\/post"}],"author":[{"embeddable":true,"href":"https:\/\/elinformante.mx\/index.php?rest_route=\/wp\/v2\/users\/1"}],"replies":[{"embeddable":true,"href":"https:\/\/elinformante.mx\/index.php?rest_route=%2Fwp%2Fv2%2Fcomments&post=97579"}],"version-history":[{"count":0,"href":"https:\/\/elinformante.mx\/index.php?rest_route=\/wp\/v2\/posts\/97579\/revisions"}],"wp:featuredmedia":[{"embeddable":true,"href":"https:\/\/elinformante.mx\/index.php?rest_route=\/wp\/v2\/media\/97581"}],"wp:attachment":[{"href":"https:\/\/elinformante.mx\/index.php?rest_route=%2Fwp%2Fv2%2Fmedia&parent=97579"}],"wp:term":[{"taxonomy":"category","embeddable":true,"href":"https:\/\/elinformante.mx\/index.php?rest_route=%2Fwp%2Fv2%2Fcategories&post=97579"},{"taxonomy":"post_tag","embeddable":true,"href":"https:\/\/elinformante.mx\/index.php?rest_route=%2Fwp%2Fv2%2Ftags&post=97579"}],"curies":[{"name":"wp","href":"https:\/\/api.w.org\/{rel}","templated":true}]}}