{"id":97971,"date":"2026-01-07T05:51:12","date_gmt":"2026-01-07T11:51:12","guid":{"rendered":"https:\/\/elinformante.mx\/?p=97971"},"modified":"2026-01-07T05:51:17","modified_gmt":"2026-01-07T11:51:17","slug":"angelina-jolie-se-sincera-sobre-sus-cicatrices-por-su-mastectomia","status":"publish","type":"post","link":"https:\/\/elinformante.mx\/?p=97971","title":{"rendered":"Angelina Jolie se sincera sobre sus cicatrices por su mastectom\u00eda"},"content":{"rendered":"\n<figure class=\"wp-block-pullquote\"><blockquote><p>En una entrevista, la actriz afirm\u00f3 que se identifica con las mujeres que luchan por su vida d\u00eda a d\u00eda.<\/p><\/blockquote><\/figure>\n\n\n\n<p class=\"has-drop-cap\">Angelina Jolie, actriz estadounidense, se mostr\u00f3 sincera y vulnerable al mostrar por primera vez las cicatrices de la doble mastectom\u00eda a la que se someti\u00f3 hace m\u00e1s de diez a\u00f1os.<br><\/p>\n\n\n\n<p>Jolie se convirti\u00f3 en un ejemplo de prevenci\u00f3n y lucha contra el c\u00e1ncer de mama, cuando tom\u00f3 la decisi\u00f3n de someterse a la cirug\u00eda, de la que ahora brinda nuevos detalles.<br><\/p>\n\n\n\n<p>\u201cComparto estas cicatrices con muchas mujeres que quiero y siempre me conmueve ver a otras mujeres compartir las suyas. Quiero unirme a ellas\u201d, dijo esta semana en entrevista para la primera edici\u00f3n francesa de la revista Time, de la cual es portada.<br><\/p>\n\n\n\n<figure class=\"wp-block-image size-large\"><img fetchpriority=\"high\" decoding=\"async\" width=\"1024\" height=\"506\" src=\"https:\/\/elinformante.mx\/wp-content\/uploads\/2026\/01\/15angelina-2-1024x506.jpg\" alt=\"\" class=\"wp-image-97977\" srcset=\"https:\/\/elinformante.mx\/wp-content\/uploads\/2026\/01\/15angelina-2-1024x506.jpg 1024w, https:\/\/elinformante.mx\/wp-content\/uploads\/2026\/01\/15angelina-2-300x148.jpg 300w, https:\/\/elinformante.mx\/wp-content\/uploads\/2026\/01\/15angelina-2-768x379.jpg 768w, https:\/\/elinformante.mx\/wp-content\/uploads\/2026\/01\/15angelina-2.jpg 1140w\" sizes=\"(max-width: 1024px) 100vw, 1024px\" \/><\/figure>\n\n\n\n<p>Esta revelaci\u00f3n coincide con el pr\u00f3ximo estreno de \u201cCouture\u201d, pel\u00edcula en la que interpreta a una directora de cine que es diagnosticada con la enfermedad.<br><\/p>\n\n\n\n<p>De acuerdo a lo que menciona la actriz, esta historia es muy personal para ella, puesto que perdi\u00f3 a su madre, abuela y t\u00eda a causa del c\u00e1ncer.<br><\/p>\n\n\n\n<p>Fue en 2013 cuando Jolie hizo p\u00fablico que se hab\u00eda sometido a una doble mastectom\u00eda preventiva. La noticia que dio la vuelta al mundo tuvo tal impacto que las pruebas para detectar c\u00e1ncer de mama, el m\u00e1s com\u00fan entre las mujeres, aumentaron tan solo en Francia en un 20 %, un impacto conocido como \u201cefecto Angelina\u201d.<\/p>\n","protected":false},"excerpt":{"rendered":"<p>En una entrevista, la actriz afirm\u00f3 que se identifica con las mujeres que luchan por su vida d\u00eda a d\u00eda. Angelina Jolie, actriz estadounidense, se mostr\u00f3 sincera y vulnerable al mostrar por primera vez las cicatrices de la doble mastectom\u00eda a la que se someti\u00f3 hace m\u00e1s de diez a\u00f1os. Jolie se convirti\u00f3 en un [&hellip;]<\/p>\n","protected":false},"author":1,"featured_media":97976,"comment_status":"closed","ping_status":"closed","sticky":false,"template":"","format":"standard","meta":{"footnotes":""},"categories":[30,39],"tags":[],"class_list":["post-97971","post","type-post","status-publish","format-standard","has-post-thumbnail","hentry","category-destacado","category-espectaculos"],"_links":{"self":[{"href":"https:\/\/elinformante.mx\/index.php?rest_route=\/wp\/v2\/posts\/97971","targetHints":{"allow":["GET"]}}],"collection":[{"href":"https:\/\/elinformante.mx\/index.php?rest_route=\/wp\/v2\/posts"}],"about":[{"href":"https:\/\/elinformante.mx\/index.php?rest_route=\/wp\/v2\/types\/post"}],"author":[{"embeddable":true,"href":"https:\/\/elinformante.mx\/index.php?rest_route=\/wp\/v2\/users\/1"}],"replies":[{"embeddable":true,"href":"https:\/\/elinformante.mx\/index.php?rest_route=%2Fwp%2Fv2%2Fcomments&post=97971"}],"version-history":[{"count":0,"href":"https:\/\/elinformante.mx\/index.php?rest_route=\/wp\/v2\/posts\/97971\/revisions"}],"wp:featuredmedia":[{"embeddable":true,"href":"https:\/\/elinformante.mx\/index.php?rest_route=\/wp\/v2\/media\/97976"}],"wp:attachment":[{"href":"https:\/\/elinformante.mx\/index.php?rest_route=%2Fwp%2Fv2%2Fmedia&parent=97971"}],"wp:term":[{"taxonomy":"category","embeddable":true,"href":"https:\/\/elinformante.mx\/index.php?rest_route=%2Fwp%2Fv2%2Fcategories&post=97971"},{"taxonomy":"post_tag","embeddable":true,"href":"https:\/\/elinformante.mx\/index.php?rest_route=%2Fwp%2Fv2%2Ftags&post=97971"}],"curies":[{"name":"wp","href":"https:\/\/api.w.org\/{rel}","templated":true}]}}