{"id":98077,"date":"2026-01-08T06:20:02","date_gmt":"2026-01-08T12:20:02","guid":{"rendered":"https:\/\/elinformante.mx\/?p=98077"},"modified":"2026-01-08T06:20:07","modified_gmt":"2026-01-08T12:20:07","slug":"rehabilitacion-de-periferico-norte-tendra-inversion-de-1200-mdp-isaac-montoya","status":"publish","type":"post","link":"https:\/\/elinformante.mx\/?p=98077","title":{"rendered":"Rehabilitaci\u00f3n de Perif\u00e9rico Norte tendr\u00e1 inversi\u00f3n de 1200 mdp: Isaac Montoya"},"content":{"rendered":"\n<figure class=\"wp-block-pullquote\"><blockquote><p>Esta obra responde a una deuda hist\u00f3rica con la ciudadan\u00eda.<\/p><\/blockquote><\/figure>\n\n\n\n<p class=\"has-drop-cap\">En las Torres de Sat\u00e9lite, el Presidente Municipal de Naucalpan, Isaac Montoya M\u00e1rquez, junto a la Gobernadora Delfina G\u00f3mez \u00c1lvarez y a alcaldes de la regi\u00f3n, dieron inicio a la rehabilitaci\u00f3n integral de Perif\u00e9rico Norte, una de las vialidades m\u00e1s importantes del pa\u00eds.<br><\/p>\n\n\n\n<p>Esta obra responde a una deuda hist\u00f3rica con la ciudadan\u00eda: 108 kil\u00f3metros de intervenci\u00f3n, desde el Toreo hasta Tepotzotl\u00e1n, que permitir\u00e1n recuperar una v\u00eda fundamental por la que diariamente transitan millones de personas en transporte p\u00fablico, particular y de carga.<br><\/p>\n\n\n\n<p>Tras m\u00e1s de dos d\u00e9cadas sin una atenci\u00f3n de fondo, el proyecto contar\u00e1 con una inversi\u00f3n cercana a los 1,200 millones de pesos, destinada a devolver seguridad, funcionalidad y mejores condiciones de tr\u00e1nsito a un corredor estrat\u00e9gico para la vida econ\u00f3mica y social del Valle de M\u00e9xico.<br><\/p>\n\n\n\n<figure class=\"wp-block-image size-large\"><img fetchpriority=\"high\" decoding=\"async\" width=\"1024\" height=\"506\" src=\"https:\/\/elinformante.mx\/wp-content\/uploads\/2026\/01\/8rehabilitacion-2-1024x506.jpg\" alt=\"\" class=\"wp-image-98081\" srcset=\"https:\/\/elinformante.mx\/wp-content\/uploads\/2026\/01\/8rehabilitacion-2-1024x506.jpg 1024w, https:\/\/elinformante.mx\/wp-content\/uploads\/2026\/01\/8rehabilitacion-2-300x148.jpg 300w, https:\/\/elinformante.mx\/wp-content\/uploads\/2026\/01\/8rehabilitacion-2-768x379.jpg 768w, https:\/\/elinformante.mx\/wp-content\/uploads\/2026\/01\/8rehabilitacion-2.jpg 1140w\" sizes=\"(max-width: 1024px) 100vw, 1024px\" \/><\/figure>\n\n\n\n<p>El Presidente Municipal Isaac Montoya destac\u00f3 la sensibilidad y el compromiso de la Gobernadora Delfina G\u00f3mez para modernizar la infraestructura urbana, as\u00ed como el respaldo del Gobierno de M\u00e9xico encabezado por la Presidenta Claudia Sheinbaum Pardo, subrayando que cuando hay coordinaci\u00f3n entre los distintos niveles de gobierno, los recursos p\u00fablicos se traducen en obras que benefician directamente al pueblo.<br><\/p>\n\n\n\n<p>La rehabilitaci\u00f3n del Perif\u00e9rico Norte fortalecer\u00e1 a las zonas industriales, colonias y fraccionamientos conectados a esta vialidad, impulsar\u00e1 la econom\u00eda regional y generar\u00e1 empleos, priorizando la participaci\u00f3n de empresas mexiquenses.<br><\/p>\n\n\n\n<p>Desde el Gobierno de Ciudad Naucalpan se refrenda el compromiso de seguir trabajando con responsabilidad, honestidad y visi\u00f3n social, porque las grandes transformaciones se construyen con hechos.<\/p>\n","protected":false},"excerpt":{"rendered":"<p>Esta obra responde a una deuda hist\u00f3rica con la ciudadan\u00eda. En las Torres de Sat\u00e9lite, el Presidente Municipal de Naucalpan, Isaac Montoya M\u00e1rquez, junto a la Gobernadora Delfina G\u00f3mez \u00c1lvarez y a alcaldes de la regi\u00f3n, dieron inicio a la rehabilitaci\u00f3n integral de Perif\u00e9rico Norte, una de las vialidades m\u00e1s importantes del pa\u00eds. Esta obra [&hellip;]<\/p>\n","protected":false},"author":1,"featured_media":98080,"comment_status":"closed","ping_status":"closed","sticky":false,"template":"","format":"standard","meta":{"footnotes":""},"categories":[30,36],"tags":[],"class_list":["post-98077","post","type-post","status-publish","format-standard","has-post-thumbnail","hentry","category-destacado","category-edomex"],"_links":{"self":[{"href":"https:\/\/elinformante.mx\/index.php?rest_route=\/wp\/v2\/posts\/98077","targetHints":{"allow":["GET"]}}],"collection":[{"href":"https:\/\/elinformante.mx\/index.php?rest_route=\/wp\/v2\/posts"}],"about":[{"href":"https:\/\/elinformante.mx\/index.php?rest_route=\/wp\/v2\/types\/post"}],"author":[{"embeddable":true,"href":"https:\/\/elinformante.mx\/index.php?rest_route=\/wp\/v2\/users\/1"}],"replies":[{"embeddable":true,"href":"https:\/\/elinformante.mx\/index.php?rest_route=%2Fwp%2Fv2%2Fcomments&post=98077"}],"version-history":[{"count":0,"href":"https:\/\/elinformante.mx\/index.php?rest_route=\/wp\/v2\/posts\/98077\/revisions"}],"wp:featuredmedia":[{"embeddable":true,"href":"https:\/\/elinformante.mx\/index.php?rest_route=\/wp\/v2\/media\/98080"}],"wp:attachment":[{"href":"https:\/\/elinformante.mx\/index.php?rest_route=%2Fwp%2Fv2%2Fmedia&parent=98077"}],"wp:term":[{"taxonomy":"category","embeddable":true,"href":"https:\/\/elinformante.mx\/index.php?rest_route=%2Fwp%2Fv2%2Fcategories&post=98077"},{"taxonomy":"post_tag","embeddable":true,"href":"https:\/\/elinformante.mx\/index.php?rest_route=%2Fwp%2Fv2%2Ftags&post=98077"}],"curies":[{"name":"wp","href":"https:\/\/api.w.org\/{rel}","templated":true}]}}