{"id":98096,"date":"2026-01-08T06:46:18","date_gmt":"2026-01-08T12:46:18","guid":{"rendered":"https:\/\/elinformante.mx\/?p=98096"},"modified":"2026-01-08T06:46:22","modified_gmt":"2026-01-08T12:46:22","slug":"evelyn-salgado-reconoce-resultados-de-seguridad-mediante-operativos","status":"publish","type":"post","link":"https:\/\/elinformante.mx\/?p=98096","title":{"rendered":"Evelyn Salgado reconoce resultados de seguridad mediante operativos"},"content":{"rendered":"\n<figure class=\"wp-block-pullquote\"><blockquote><p>-Se\u00f1al\u00f3 que concluy\u00f3 con saldo blanco el operativo de seguridad por Paseo del Pend\u00f3n y Feria de San Mateo en Chilpancingo.<\/p><\/blockquote><\/figure>\n\n\n\n<p class=\"has-drop-cap\">El Plan de Seguridad Integral implementado con motivo del Paseo del Pend\u00f3n y la Feria de San Mateo, Navidad y A\u00f1o Nuevo concluy\u00f3 con saldo blanco, resultado de la coordinaci\u00f3n interinstitucional de las autoridades que integran la Mesa para la Construcci\u00f3n de la Paz, lo que permiti\u00f3 el desarrollo normal y seguro de las actividades festivas en la capital del estado.<br><\/p>\n\n\n\n<p>Las autoridades informaron que, mediante la conformaci\u00f3n de dos agrupamientos operativos integrados por personal de la Guardia Nacional, Fiscal\u00eda General del Estado, Polic\u00eda Estatal y Polic\u00eda Municipal, se logr\u00f3 una percepci\u00f3n de seguridad positiva entre la poblaci\u00f3n y visitantes, sin registrarse incidentes graves ni hechos de violencia.<br><\/p>\n\n\n\n<p>Durante el operativo, que se desarroll\u00f3 del 10 de diciembre de 2025 al 7 de enero de 2026, se realizaron acciones preventivas y de vigilancia en las distintas sedes de la feria, as\u00ed como en eventos masivos como el Paseo del Pend\u00f3n, el Porrazo del Tigre en la Plaza de Toros \u201cBelisario Arteaga\u201d y actividades en la Plaza C\u00edvica Primer Congreso de An\u00e1huac y Galer\u00edas Chilpancingo.<br><\/p>\n\n\n\n<figure class=\"wp-block-image size-large\"><img fetchpriority=\"high\" decoding=\"async\" width=\"1024\" height=\"506\" src=\"https:\/\/elinformante.mx\/wp-content\/uploads\/2026\/01\/4evelyn-2-1024x506.jpg\" alt=\"\" class=\"wp-image-98101\" srcset=\"https:\/\/elinformante.mx\/wp-content\/uploads\/2026\/01\/4evelyn-2-1024x506.jpg 1024w, https:\/\/elinformante.mx\/wp-content\/uploads\/2026\/01\/4evelyn-2-300x148.jpg 300w, https:\/\/elinformante.mx\/wp-content\/uploads\/2026\/01\/4evelyn-2-768x379.jpg 768w, https:\/\/elinformante.mx\/wp-content\/uploads\/2026\/01\/4evelyn-2.jpg 1140w\" sizes=\"(max-width: 1024px) 100vw, 1024px\" \/><\/figure>\n\n\n\n<p>Dentro de las actividades se inform\u00f3 que se realizaron 2,192 reconocimientos a pie y motorizados, 1,828 patrullajes disuasivos, 2,108 actividades de proximidad social, 2,978 revisiones a veh\u00edculos y motocicletas.<br><\/p>\n\n\n\n<p>Como resultado de estas acciones, se report\u00f3 la detenci\u00f3n de 19 personas, el aseguramiento de dos armas de fuego y la incautaci\u00f3n de enervantes, sin que se presentaran afectaciones a la ciudadan\u00eda durante las celebraciones por el bicentenario de la Feria de Chilpancingo.<br><\/p>\n\n\n\n<p>La gobernadora Evelyn Salgado Pineda reconoci\u00f3 el trabajo coordinado de las corporaciones de seguridad estatales y municipales, as\u00ed como el respaldo de la Guardia Nacional y la Defensa Nacional, destacando que estos resultados consolidan y fortalecen la seguridad y la paz en Chilpancingo.<\/p>\n","protected":false},"excerpt":{"rendered":"<p>-Se\u00f1al\u00f3 que concluy\u00f3 con saldo blanco el operativo de seguridad por Paseo del Pend\u00f3n y Feria de San Mateo en Chilpancingo. El Plan de Seguridad Integral implementado con motivo del Paseo del Pend\u00f3n y la Feria de San Mateo, Navidad y A\u00f1o Nuevo concluy\u00f3 con saldo blanco, resultado de la coordinaci\u00f3n interinstitucional de las autoridades [&hellip;]<\/p>\n","protected":false},"author":1,"featured_media":98100,"comment_status":"closed","ping_status":"closed","sticky":false,"template":"","format":"standard","meta":{"footnotes":""},"categories":[30,34],"tags":[],"class_list":["post-98096","post","type-post","status-publish","format-standard","has-post-thumbnail","hentry","category-destacado","category-nacional"],"_links":{"self":[{"href":"https:\/\/elinformante.mx\/index.php?rest_route=\/wp\/v2\/posts\/98096","targetHints":{"allow":["GET"]}}],"collection":[{"href":"https:\/\/elinformante.mx\/index.php?rest_route=\/wp\/v2\/posts"}],"about":[{"href":"https:\/\/elinformante.mx\/index.php?rest_route=\/wp\/v2\/types\/post"}],"author":[{"embeddable":true,"href":"https:\/\/elinformante.mx\/index.php?rest_route=\/wp\/v2\/users\/1"}],"replies":[{"embeddable":true,"href":"https:\/\/elinformante.mx\/index.php?rest_route=%2Fwp%2Fv2%2Fcomments&post=98096"}],"version-history":[{"count":0,"href":"https:\/\/elinformante.mx\/index.php?rest_route=\/wp\/v2\/posts\/98096\/revisions"}],"wp:featuredmedia":[{"embeddable":true,"href":"https:\/\/elinformante.mx\/index.php?rest_route=\/wp\/v2\/media\/98100"}],"wp:attachment":[{"href":"https:\/\/elinformante.mx\/index.php?rest_route=%2Fwp%2Fv2%2Fmedia&parent=98096"}],"wp:term":[{"taxonomy":"category","embeddable":true,"href":"https:\/\/elinformante.mx\/index.php?rest_route=%2Fwp%2Fv2%2Fcategories&post=98096"},{"taxonomy":"post_tag","embeddable":true,"href":"https:\/\/elinformante.mx\/index.php?rest_route=%2Fwp%2Fv2%2Ftags&post=98096"}],"curies":[{"name":"wp","href":"https:\/\/api.w.org\/{rel}","templated":true}]}}