{"id":98099,"date":"2026-01-08T06:51:31","date_gmt":"2026-01-08T12:51:31","guid":{"rendered":"https:\/\/elinformante.mx\/?p=98099"},"modified":"2026-01-08T06:51:36","modified_gmt":"2026-01-08T12:51:36","slug":"honrar-a-mujeres-indigenas-es-un-acto-de-justicia-historica-sheinbaum","status":"publish","type":"post","link":"https:\/\/elinformante.mx\/?p=98099","title":{"rendered":"\u201cHonrar a mujeres ind\u00edgenas es un acto de justicia hist\u00f3rica\u201d: Sheinbaum"},"content":{"rendered":"\n<figure class=\"wp-block-pullquote\"><blockquote><p>-Devela seis monumentos a mujeres ind\u00edgenas destacadas en la historia.<\/p><\/blockquote><\/figure>\n\n\n\n<p class=\"has-drop-cap\">La Presidenta de M\u00e9xico, Claudia Sheinbaum Pardo, encabez\u00f3 la develaci\u00f3n de seis esculturas de mujeres ancestras en el Paseo de las Hero\u00ednas en Reforma, como un acto de justicia hist\u00f3rica y de profundo significado simb\u00f3lico para la naci\u00f3n en contra del racismo, el clasismo y el machismo. Se trata de Tz\u2019ak-b\u2019u Aha, conocida como \u201cla Reina Roja\u201d; Tecuichpo-Ixcaxochitzin (Flor Blanca- Flor del Se\u00f1or Moctezuma); la Se\u00f1ora 6 Mono (Se\u00f1ora mixteca de Huachino); Xiuhtzatzin (Flor de la tierrita tolteca); Malintzin, se\u00f1ora de la palabra, la lengua, la traductora; y Er\u00e9ndira, defensora pur\u00e9pecha.<br><\/p>\n\n\n\n<p>\u201cColocar seis monumentos dedicados a mujeres ind\u00edgenas en el Paseo de la Reforma es un acto de justicia hist\u00f3rica y de profundo significado simb\u00f3lico para la naci\u00f3n. Estos monumentos, estas esculturas, representan la grandeza de las mujeres ind\u00edgenas, un reconocimiento expl\u00edcito a quienes han sostenido, desde sus comunidades y a lo largo de los siglos, quiz\u00e1 milenios, la vida cultural, social y espiritual de M\u00e9xico\u201d<br><\/p>\n\n\n\n<figure class=\"wp-block-image size-large\"><img fetchpriority=\"high\" decoding=\"async\" width=\"1024\" height=\"506\" src=\"https:\/\/elinformante.mx\/wp-content\/uploads\/2026\/01\/3honrar-3-1024x506.jpg\" alt=\"\" class=\"wp-image-98104\" srcset=\"https:\/\/elinformante.mx\/wp-content\/uploads\/2026\/01\/3honrar-3-1024x506.jpg 1024w, https:\/\/elinformante.mx\/wp-content\/uploads\/2026\/01\/3honrar-3-300x148.jpg 300w, https:\/\/elinformante.mx\/wp-content\/uploads\/2026\/01\/3honrar-3-768x379.jpg 768w, https:\/\/elinformante.mx\/wp-content\/uploads\/2026\/01\/3honrar-3.jpg 1140w\" sizes=\"(max-width: 1024px) 100vw, 1024px\" \/><\/figure>\n\n\n\n<p>Agreg\u00f3 que la colocaci\u00f3n de estas esculturas reivindica el papel de las mujeres en la historia de M\u00e9xico, quienes hist\u00f3ricamente fueron relegadas, invisibilizadas y v\u00edctimas de un silencio hist\u00f3rico que se convirti\u00f3 en un tipo de violencia que somete y frena la transformaci\u00f3n.<br><\/p>\n\n\n\n<p>Destac\u00f3 la importancia de incluir a Malintzin en el Paseo de las Hero\u00ednas en Reforma, quien fue se\u00f1alada como s\u00edmbolo de traici\u00f3n en un relato cargado de racismo y machismo, cuando en realidad hizo uso de su conocimiento ling\u00fc\u00edstico para sobrevivir en un contexto de violencia.<br><\/p>\n\n\n\n<p>Adem\u00e1s, reconoci\u00f3 el trabajo del asesor pol\u00edtico de la Coordinaci\u00f3n General de Comunicaci\u00f3n Social y Vocer\u00eda del Gobierno de la Rep\u00fablica, Jos\u00e9 Alfonso Su\u00e1rez del Real, para materializar el Paseo de las Hero\u00ednas en el Paseo de la Reforma de la Ciudad de M\u00e9xico.<\/p>\n","protected":false},"excerpt":{"rendered":"<p>-Devela seis monumentos a mujeres ind\u00edgenas destacadas en la historia. La Presidenta de M\u00e9xico, Claudia Sheinbaum Pardo, encabez\u00f3 la develaci\u00f3n de seis esculturas de mujeres ancestras en el Paseo de las Hero\u00ednas en Reforma, como un acto de justicia hist\u00f3rica y de profundo significado simb\u00f3lico para la naci\u00f3n en contra del racismo, el clasismo y [&hellip;]<\/p>\n","protected":false},"author":1,"featured_media":98103,"comment_status":"closed","ping_status":"closed","sticky":false,"template":"","format":"standard","meta":{"footnotes":""},"categories":[34],"tags":[],"class_list":["post-98099","post","type-post","status-publish","format-standard","has-post-thumbnail","hentry","category-nacional"],"_links":{"self":[{"href":"https:\/\/elinformante.mx\/index.php?rest_route=\/wp\/v2\/posts\/98099","targetHints":{"allow":["GET"]}}],"collection":[{"href":"https:\/\/elinformante.mx\/index.php?rest_route=\/wp\/v2\/posts"}],"about":[{"href":"https:\/\/elinformante.mx\/index.php?rest_route=\/wp\/v2\/types\/post"}],"author":[{"embeddable":true,"href":"https:\/\/elinformante.mx\/index.php?rest_route=\/wp\/v2\/users\/1"}],"replies":[{"embeddable":true,"href":"https:\/\/elinformante.mx\/index.php?rest_route=%2Fwp%2Fv2%2Fcomments&post=98099"}],"version-history":[{"count":0,"href":"https:\/\/elinformante.mx\/index.php?rest_route=\/wp\/v2\/posts\/98099\/revisions"}],"wp:featuredmedia":[{"embeddable":true,"href":"https:\/\/elinformante.mx\/index.php?rest_route=\/wp\/v2\/media\/98103"}],"wp:attachment":[{"href":"https:\/\/elinformante.mx\/index.php?rest_route=%2Fwp%2Fv2%2Fmedia&parent=98099"}],"wp:term":[{"taxonomy":"category","embeddable":true,"href":"https:\/\/elinformante.mx\/index.php?rest_route=%2Fwp%2Fv2%2Fcategories&post=98099"},{"taxonomy":"post_tag","embeddable":true,"href":"https:\/\/elinformante.mx\/index.php?rest_route=%2Fwp%2Fv2%2Ftags&post=98099"}],"curies":[{"name":"wp","href":"https:\/\/api.w.org\/{rel}","templated":true}]}}