{"id":98130,"date":"2026-01-09T05:54:52","date_gmt":"2026-01-09T11:54:52","guid":{"rendered":"https:\/\/elinformante.mx\/?p=98130"},"modified":"2026-01-09T05:54:57","modified_gmt":"2026-01-09T11:54:57","slug":"en-lerma-continuamos-trabajando-en-beneficio-de-los-habitantes-ramirez-ponce","status":"publish","type":"post","link":"https:\/\/elinformante.mx\/?p=98130","title":{"rendered":"En Lerma continuamos trabajando en beneficio de los habitantes: Ram\u00edrez Ponce"},"content":{"rendered":"\n<figure class=\"wp-block-pullquote\"><blockquote><p>Durante la sesi\u00f3n, Ram\u00edrez Ponce nombr\u00f3 a la Dra. Guadalupe Guti\u00e9rrez Gonz\u00e1lez como Directora de Educaci\u00f3n del Ayuntamiento de Lerma.<\/p><\/blockquote><\/figure>\n\n\n\n<p class=\"has-drop-cap\">El presidente municipal de Lerma, Miguel \u00c1ngel Ram\u00edrez Ponce, se reuni\u00f3 con su cabildo para plantear diferentes acciones en beneficio de los habitantes del municipio.<br><\/p>\n\n\n\n<p>Durante la sesi\u00f3n, Ram\u00edrez Ponce nombr\u00f3 a la Dra. Guadalupe Guti\u00e9rrez Gonz\u00e1lez como Directora de Educaci\u00f3n del Ayuntamiento de Lerma.<br><\/p>\n\n\n\n<p>Originaria de San Mateo Atarasquillo, la Dra. Guadalupe cuenta con una amplia trayectoria acad\u00e9mica y cient\u00edfica, inform\u00f3 el edil.<br><\/p>\n\n\n\n<p>Mencion\u00f3 que en 2020 y 2024 recibi\u00f3 la distinci\u00f3n \u201cPerfil Deseable\u201d, la cual se entrega a profesores PRODEP (Programa para el Desarrollo Profesional Docente).<br><\/p>\n\n\n\n<p>As\u00ed mismo, se\u00f1al\u00f3, es miembro activo de la Sociedad Mexicana de Inmunolog\u00eda, y ha sido docente en diferentes instituciones de educaci\u00f3n b\u00e1sica, media superior y superior, desde el a\u00f1o 2008.<br><\/p>\n\n\n\n<p>Se\u00f1al\u00f3 que la Dra. cuenta con el registro y solicitud de patentamientos, as\u00ed como una amplia labor de investigaci\u00f3n cient\u00edfica, participaci\u00f3n en congresos y seminarios, bajo la l\u00ednea de investigaci\u00f3n \u201cInmunidad y cambios adaptativos ante infecciones respiratorias\u201d.<br><\/p>\n\n\n\n<p>Ram\u00edrez Ponce tambi\u00e9n mantuvo una reuni\u00f3n de trabajo de manera remota con el maestro Alex Viedma, subsecretario general de Gobierno, adem\u00e1s de varios miembros de Probosque del Estado de M\u00e9xico.<br><\/p>\n\n\n\n<p>Durante la reuni\u00f3n, se llevaron a cabo las acciones para definir la implementaci\u00f3n del Programa Interinstitucional de Prevenci\u00f3n, Combate y Control de Incendios Forestales en el Edom\u00e9x.<\/p>\n","protected":false},"excerpt":{"rendered":"<p>Durante la sesi\u00f3n, Ram\u00edrez Ponce nombr\u00f3 a la Dra. Guadalupe Guti\u00e9rrez Gonz\u00e1lez como Directora de Educaci\u00f3n del Ayuntamiento de Lerma. El presidente municipal de Lerma, Miguel \u00c1ngel Ram\u00edrez Ponce, se reuni\u00f3 con su cabildo para plantear diferentes acciones en beneficio de los habitantes del municipio. Durante la sesi\u00f3n, Ram\u00edrez Ponce nombr\u00f3 a la Dra. Guadalupe [&hellip;]<\/p>\n","protected":false},"author":1,"featured_media":98133,"comment_status":"closed","ping_status":"closed","sticky":false,"template":"","format":"standard","meta":{"footnotes":""},"categories":[30,36],"tags":[],"class_list":["post-98130","post","type-post","status-publish","format-standard","has-post-thumbnail","hentry","category-destacado","category-edomex"],"_links":{"self":[{"href":"https:\/\/elinformante.mx\/index.php?rest_route=\/wp\/v2\/posts\/98130","targetHints":{"allow":["GET"]}}],"collection":[{"href":"https:\/\/elinformante.mx\/index.php?rest_route=\/wp\/v2\/posts"}],"about":[{"href":"https:\/\/elinformante.mx\/index.php?rest_route=\/wp\/v2\/types\/post"}],"author":[{"embeddable":true,"href":"https:\/\/elinformante.mx\/index.php?rest_route=\/wp\/v2\/users\/1"}],"replies":[{"embeddable":true,"href":"https:\/\/elinformante.mx\/index.php?rest_route=%2Fwp%2Fv2%2Fcomments&post=98130"}],"version-history":[{"count":0,"href":"https:\/\/elinformante.mx\/index.php?rest_route=\/wp\/v2\/posts\/98130\/revisions"}],"wp:featuredmedia":[{"embeddable":true,"href":"https:\/\/elinformante.mx\/index.php?rest_route=\/wp\/v2\/media\/98133"}],"wp:attachment":[{"href":"https:\/\/elinformante.mx\/index.php?rest_route=%2Fwp%2Fv2%2Fmedia&parent=98130"}],"wp:term":[{"taxonomy":"category","embeddable":true,"href":"https:\/\/elinformante.mx\/index.php?rest_route=%2Fwp%2Fv2%2Fcategories&post=98130"},{"taxonomy":"post_tag","embeddable":true,"href":"https:\/\/elinformante.mx\/index.php?rest_route=%2Fwp%2Fv2%2Ftags&post=98130"}],"curies":[{"name":"wp","href":"https:\/\/api.w.org\/{rel}","templated":true}]}}