{"id":98137,"date":"2026-01-09T06:08:09","date_gmt":"2026-01-09T12:08:09","guid":{"rendered":"https:\/\/elinformante.mx\/?p=98137"},"modified":"2026-01-09T06:08:14","modified_gmt":"2026-01-09T12:08:14","slug":"festeja-isaac-montoya-a-6-mil-ninas-y-ninos-en-naucalpan","status":"publish","type":"post","link":"https:\/\/elinformante.mx\/?p=98137","title":{"rendered":"Festeja Isaac Montoya a 6 mil ni\u00f1as y ni\u00f1os en Naucalpan"},"content":{"rendered":"\n<figure class=\"wp-block-pullquote\"><blockquote><p>Por el festejo del D\u00eda de Reyes, el alcalde regal\u00f3 juguetes y bicicletas.<\/p><\/blockquote><\/figure>\n\n\n\n<p class=\"has-drop-cap\">En Naucalpan, el presidente municipal, Isaac Montoya M\u00e1rquez, acompa\u00f1ado por la presidenta honoraria del DIF Naucalpan, celebraron en medio de un d\u00eda de magia y emociones que vivieron m\u00e1s de seis mil ni\u00f1as y ni\u00f1os de las comunidades de Naucalpan Centro (Parque Revoluci\u00f3n), Izcalli Chamapa (Cancha de Front\u00f3n), Tepatlaxco (Cancha de F\u00fatbol) y la Plaza C\u00edvica de San Mateo, lugares en donde se llevaron a cabo los festejos del D\u00eda de Reyes.<br><\/p>\n\n\n\n<p>Montoya M\u00e1rquez destac\u00f3 que se trata de un d\u00eda importante para ni\u00f1as y ni\u00f1os en el que deben ser felices.<br><\/p>\n\n\n\n<p>\u201cLo importante es nunca dejar de so\u00f1ar, nunca dejar de imaginar, nunca dejar de buscar la felicidad. Esperamos que los juguetes que se van a entregar realmente les hagan felices\u201d.<br><\/p>\n\n\n\n<p>Se\u00f1al\u00f3 que en Naucalpan, cada ni\u00f1a, cada ni\u00f1o merece vivir en un ambiente de alegr\u00eda, juegos y tambi\u00e9n tener una infancia digna y un hogar en el que pueda crecer con valores positivos, subray\u00f3 ante los miles de asistentes a los cuatro festejos de D\u00eda de Reyes.<br><\/p>\n\n\n\n<figure class=\"wp-block-image size-large\"><img fetchpriority=\"high\" decoding=\"async\" width=\"1024\" height=\"506\" src=\"https:\/\/elinformante.mx\/wp-content\/uploads\/2026\/01\/11naucalpan-1-1024x506.jpg\" alt=\"\" class=\"wp-image-98142\" srcset=\"https:\/\/elinformante.mx\/wp-content\/uploads\/2026\/01\/11naucalpan-1-1024x506.jpg 1024w, https:\/\/elinformante.mx\/wp-content\/uploads\/2026\/01\/11naucalpan-1-300x148.jpg 300w, https:\/\/elinformante.mx\/wp-content\/uploads\/2026\/01\/11naucalpan-1-768x379.jpg 768w, https:\/\/elinformante.mx\/wp-content\/uploads\/2026\/01\/11naucalpan-1.jpg 1140w\" sizes=\"(max-width: 1024px) 100vw, 1024px\" \/><\/figure>\n\n\n\n<p>Adem\u00e1s inform\u00f3 que se construir\u00e1 en la Cuenca de San Mateo la primera Utop\u00eda Metropolitana fuera de la Ciudad de M\u00e9xico, que beneficiar\u00e1 a toda la poblaci\u00f3n, con servicios totalmente gratuitos y en la que se contar\u00e1 con espacios deportivos, art\u00edsticos y culturales, as\u00ed como las facilidades para realizar tr\u00e1mites municipales, a fin de evitar el traslado hasta las instalaciones del Ayuntamiento.<br><\/p>\n\n\n\n<p>Durante los festejos, se cont\u00f3 con actividades art\u00edsticas y de entretenimiento, como show de payasos, concursos, adem\u00e1s de la presencia de los Reyes Magos para quienes decidieron llevarse la foto del recuerdo.<br><\/p>\n\n\n\n<p>Montoya M\u00e1rquez reiter\u00f3 que su gobierno tiene la encomienda de no soltar de la mano a nadie, para que nadie se quede atr\u00e1s. Asimismo, agreg\u00f3 que trabaja por el presente y futuro de los ni\u00f1os, asegurando que la magia no sea un privilegio y que la ilusi\u00f3n se sienta en grande.<br><\/p>\n\n\n\n<p>Fue el personal del Ayuntamiento y del DIF municipal quienes coordinaron la distribuci\u00f3n de juguetes, asegurando que cada ni\u00f1o asistente se llevara un presente a casa. Uno de los momentos m\u00e1s esperados fue el sorteo de bicicletas y regalos especiales, donde la emoci\u00f3n de los ganadores contagi\u00f3 a los presentes.<br><\/p>\n\n\n\n<p>Durante los festejos en los diversos puntos en los que los Reyes Magos acudieron a regalar juguetes, bicicletas y presentes a ni\u00f1as y ni\u00f1os, el alcalde estuvo acompa\u00f1ado por la presidenta del DIF municipal y la directora del DIF, servidores p\u00fablicos municipales, as\u00ed como representantes de las autoridades auxiliares y pobladores de cada localidad.<\/p>\n","protected":false},"excerpt":{"rendered":"<p>Por el festejo del D\u00eda de Reyes, el alcalde regal\u00f3 juguetes y bicicletas. En Naucalpan, el presidente municipal, Isaac Montoya M\u00e1rquez, acompa\u00f1ado por la presidenta honoraria del DIF Naucalpan, celebraron en medio de un d\u00eda de magia y emociones que vivieron m\u00e1s de seis mil ni\u00f1as y ni\u00f1os de las comunidades de Naucalpan Centro (Parque [&hellip;]<\/p>\n","protected":false},"author":1,"featured_media":98141,"comment_status":"closed","ping_status":"closed","sticky":false,"template":"","format":"standard","meta":{"footnotes":""},"categories":[36],"tags":[],"class_list":["post-98137","post","type-post","status-publish","format-standard","has-post-thumbnail","hentry","category-edomex"],"_links":{"self":[{"href":"https:\/\/elinformante.mx\/index.php?rest_route=\/wp\/v2\/posts\/98137","targetHints":{"allow":["GET"]}}],"collection":[{"href":"https:\/\/elinformante.mx\/index.php?rest_route=\/wp\/v2\/posts"}],"about":[{"href":"https:\/\/elinformante.mx\/index.php?rest_route=\/wp\/v2\/types\/post"}],"author":[{"embeddable":true,"href":"https:\/\/elinformante.mx\/index.php?rest_route=\/wp\/v2\/users\/1"}],"replies":[{"embeddable":true,"href":"https:\/\/elinformante.mx\/index.php?rest_route=%2Fwp%2Fv2%2Fcomments&post=98137"}],"version-history":[{"count":0,"href":"https:\/\/elinformante.mx\/index.php?rest_route=\/wp\/v2\/posts\/98137\/revisions"}],"wp:featuredmedia":[{"embeddable":true,"href":"https:\/\/elinformante.mx\/index.php?rest_route=\/wp\/v2\/media\/98141"}],"wp:attachment":[{"href":"https:\/\/elinformante.mx\/index.php?rest_route=%2Fwp%2Fv2%2Fmedia&parent=98137"}],"wp:term":[{"taxonomy":"category","embeddable":true,"href":"https:\/\/elinformante.mx\/index.php?rest_route=%2Fwp%2Fv2%2Fcategories&post=98137"},{"taxonomy":"post_tag","embeddable":true,"href":"https:\/\/elinformante.mx\/index.php?rest_route=%2Fwp%2Fv2%2Ftags&post=98137"}],"curies":[{"name":"wp","href":"https:\/\/api.w.org\/{rel}","templated":true}]}}