{"id":98153,"date":"2026-01-09T06:20:49","date_gmt":"2026-01-09T12:20:49","guid":{"rendered":"https:\/\/elinformante.mx\/?p=98153"},"modified":"2026-01-09T06:20:55","modified_gmt":"2026-01-09T12:20:55","slug":"presenta-ricardo-moreno-avances-de-la-escuela-municipal-de-emprendimiento","status":"publish","type":"post","link":"https:\/\/elinformante.mx\/?p=98153","title":{"rendered":"Presenta Ricardo Moreno avances de la Escuela Municipal de Emprendimiento"},"content":{"rendered":"\n<figure class=\"wp-block-pullquote\"><blockquote><p>El edil mencion\u00f3 que este proyecto busca impulsar el talento toluque\u00f1o.<\/p><\/blockquote><\/figure>\n\n\n\n<p class=\"has-drop-cap\">El Gobierno de Toluca present\u00f3 los avances de la Convocatoria del Programa Escuela Municipal de Emprendimiento de Toluca (EMET), un proyecto innovador y \u00fanico en el pa\u00eds, impulsado por el presidente municipal Ricardo Moreno Bastida.<br><\/p>\n\n\n\n<p>Moreno Bastida destac\u00f3 que la EMET ya cuenta con los certificados y reconocimientos de validez oficial correspondientes, consolid\u00e1ndose como un modelo educativo serio, responsable e innovador en favor de las y los emprendedores del municipio.<br><\/p>\n\n\n\n<p>La directora general de Desarrollo Econ\u00f3mico, Yolanda Esquivel Jaramillo, explic\u00f3 que el proyecto comenz\u00f3 a gestarse en 2025 como parte de la oferta pol\u00edtica del gobierno municipal, y que hoy se encuentra listo para iniciar operaciones. La convocatoria cierra el pr\u00f3ximo 14 de enero, y de esta fecha al 19 de enero se realizar\u00e1 el proceso de selecci\u00f3n para publicar los resultados el 19; las clases iniciar\u00e1n el 26 de enero, detall\u00f3.<br><\/p>\n\n\n\n<p>Esquivel Jaramillo subray\u00f3 que la EMET ser\u00e1 100% virtual, lo que permitir\u00e1 a las y los emprendedores adaptar su aprendizaje a sus tiempos y agendas, sin que ello reste seriedad ni calidad acad\u00e9mica. El programa tendr\u00e1 una duraci\u00f3n total de 120 horas, distribuidas en seis m\u00f3dulos de 20 horas cada uno, y contar\u00e1 con validez oficial avalada por la Universidad Aut\u00f3noma del Estado de M\u00e9xico.<br><\/p>\n\n\n\n<p>Resalt\u00f3 que este esfuerzo busca fortalecer el mercado interno del Valle de Toluca, una de las zonas de consumo m\u00e1s importantes del pa\u00eds, y refrenda el compromiso del gobierno municipal de acompa\u00f1ar integralmente a las y los emprendedores locales.<br><\/p>\n\n\n\n<p>Como parte del arranque de la primera generaci\u00f3n de la EMET, se anunci\u00f3 que el 22 de enero, a las 11:30 horas, en el Teatro Morelos, se llevar\u00e1 a cabo el evento inaugural con la participaci\u00f3n de Rodrigo Herrera Aspra, presidente del Consejo de Administraci\u00f3n de Genomma Lab, una de las farmac\u00e9uticas m\u00e1s importantes de Latinoam\u00e9rica, con presencia en m\u00e1s de 30 pa\u00edses.<br><\/p>\n\n\n\n<p>Finalmente, Ricardo Moreno destac\u00f3 la importancia de acercar a Toluca a empresarios de talla nacional e internacional para inspirar y fortalecer el ecosistema emprendedor local, con miras a recuperar la vocaci\u00f3n productiva e innovadora que hist\u00f3ricamente ha caracterizado a la capital de las oportunidades y el progreso.<\/p>\n","protected":false},"excerpt":{"rendered":"<p>El edil mencion\u00f3 que este proyecto busca impulsar el talento toluque\u00f1o. El Gobierno de Toluca present\u00f3 los avances de la Convocatoria del Programa Escuela Municipal de Emprendimiento de Toluca (EMET), un proyecto innovador y \u00fanico en el pa\u00eds, impulsado por el presidente municipal Ricardo Moreno Bastida. Moreno Bastida destac\u00f3 que la EMET ya cuenta con [&hellip;]<\/p>\n","protected":false},"author":1,"featured_media":98156,"comment_status":"closed","ping_status":"closed","sticky":false,"template":"","format":"standard","meta":{"footnotes":""},"categories":[30,36,31],"tags":[],"class_list":["post-98153","post","type-post","status-publish","format-standard","has-post-thumbnail","hentry","category-destacado","category-edomex","category-portada"],"_links":{"self":[{"href":"https:\/\/elinformante.mx\/index.php?rest_route=\/wp\/v2\/posts\/98153","targetHints":{"allow":["GET"]}}],"collection":[{"href":"https:\/\/elinformante.mx\/index.php?rest_route=\/wp\/v2\/posts"}],"about":[{"href":"https:\/\/elinformante.mx\/index.php?rest_route=\/wp\/v2\/types\/post"}],"author":[{"embeddable":true,"href":"https:\/\/elinformante.mx\/index.php?rest_route=\/wp\/v2\/users\/1"}],"replies":[{"embeddable":true,"href":"https:\/\/elinformante.mx\/index.php?rest_route=%2Fwp%2Fv2%2Fcomments&post=98153"}],"version-history":[{"count":0,"href":"https:\/\/elinformante.mx\/index.php?rest_route=\/wp\/v2\/posts\/98153\/revisions"}],"wp:featuredmedia":[{"embeddable":true,"href":"https:\/\/elinformante.mx\/index.php?rest_route=\/wp\/v2\/media\/98156"}],"wp:attachment":[{"href":"https:\/\/elinformante.mx\/index.php?rest_route=%2Fwp%2Fv2%2Fmedia&parent=98153"}],"wp:term":[{"taxonomy":"category","embeddable":true,"href":"https:\/\/elinformante.mx\/index.php?rest_route=%2Fwp%2Fv2%2Fcategories&post=98153"},{"taxonomy":"post_tag","embeddable":true,"href":"https:\/\/elinformante.mx\/index.php?rest_route=%2Fwp%2Fv2%2Ftags&post=98153"}],"curies":[{"name":"wp","href":"https:\/\/api.w.org\/{rel}","templated":true}]}}