{"id":98190,"date":"2026-01-12T05:54:15","date_gmt":"2026-01-12T11:54:15","guid":{"rendered":"https:\/\/elinformante.mx\/?p=98190"},"modified":"2026-01-12T05:54:17","modified_gmt":"2026-01-12T11:54:17","slug":"es-operado-de-emergencia-alejandro-fernandez","status":"publish","type":"post","link":"https:\/\/elinformante.mx\/?p=98190","title":{"rendered":"Es operado de emergencia Alejandro Fern\u00e1ndez"},"content":{"rendered":"\n<figure class=\"wp-block-pullquote\"><blockquote><p>-Fue el mismo cantante quien comparti\u00f3 la informaci\u00f3n con sus seguidores.<\/p><\/blockquote><\/figure>\n\n\n\n<p class=\"has-drop-cap\">El cantante mexicano, Alejandro Fern\u00e1ndez comparti\u00f3 con sus seguidores que este fin de semana tuvo que ser hospitalizado de emergencia. El cantante fue sometido a una cirug\u00eda, seg\u00fan lo confirm\u00f3 \u00e9l mismo a trav\u00e9s de sus redes sociales, donde tambi\u00e9n agradeci\u00f3 los mensajes de apoyo que recibi\u00f3.<br><\/p>\n\n\n\n<p>La noticia llega luego de que en semanas recientes se hablara sobre su estado de salud, especialmente tras un concierto en Quer\u00e9taro donde algunos internautas cuestionaron su comportamiento en el escenario.<br><\/p>\n\n\n\n<p>Fue la noche del 10 de enero cuando el propio Alejandro Fern\u00e1ndez decidi\u00f3 explicar lo sucedido. En una publicaci\u00f3n breve escribi\u00f3 la raz\u00f3n por la que tuvo que ser operado de emergencia.<br><\/p>\n\n\n\n<p>\u201cHola mi gente, les quiero compartir que hoy me operaron de apendicitis. Todo sali\u00f3 bien y ya estoy en recuperaci\u00f3n. Gracias por sus buenos deseos. \u00a1Los quiero mucho!\u201d, inform\u00f3 a sus millones de seguidores.<br><\/p>\n\n\n\n<p>No dio detalles sobre en qu\u00e9 ciudad fue atendido ni el hospital donde ocurri\u00f3 la operaci\u00f3n; el mensaje fue bien recibido por sus fans, quienes respondieron con muestras de cari\u00f1o y alivio al saber que estaba fuera de peligro.<br><\/p>\n\n\n\n<p>Pocas horas despu\u00e9s de haber sido operado, Alejandro Fern\u00e1ndez volvi\u00f3 a aparecer en Instagram para tranquilizar a sus fans. En una historia mostr\u00f3 su brazo conectado al suero mientras segu\u00eda en recuperaci\u00f3n.<br><\/p>\n\n\n\n<p>Us\u00f3 sus redes para dedicar unas palabras al cantante colombiano Yeison Jim\u00e9nez, quien falleci\u00f3 en un accidente a\u00e9reo en Boyac\u00e1, Colombia. En su mensaje, acompa\u00f1ado de un mo\u00f1o negro y un emoji triste, escribi\u00f3: \u201cQue en paz descanse\u201d.<br><\/p>\n\n\n\n<p>Durante noviembre de 2025, el artista fue tema de conversaci\u00f3n en redes luego de que circulara un video de su presentaci\u00f3n en Quer\u00e9taro. En las im\u00e1genes se le ve haciendo ciertos gestos que provocaron comentarios y cr\u00edticas, con usuarios asegurando que parec\u00eda estar bajo los efectos del alcohol. Su hijo Alex Fern\u00e1ndez explic\u00f3 que su padre no estaba ebrio, sino que padece un problema de salud.<br><\/p>\n\n\n\n<p>A lo largo de los \u00faltimos a\u00f1os, Fern\u00e1ndez ha enfrentado algunos inconvenientes m\u00e9dicos, aunque ninguno hab\u00eda requerido cirug\u00eda hasta ahora. En septiembre de 2025, sufri\u00f3 de salmonelosis, lo que lo oblig\u00f3 a guardar reposo y cancelar presentaciones en Texas. En 2024, tambi\u00e9n tuvo que hacer ajustes en su agenda debido a una laringitis.<\/p>\n","protected":false},"excerpt":{"rendered":"<p>-Fue el mismo cantante quien comparti\u00f3 la informaci\u00f3n con sus seguidores. El cantante mexicano, Alejandro Fern\u00e1ndez comparti\u00f3 con sus seguidores que este fin de semana tuvo que ser hospitalizado de emergencia. El cantante fue sometido a una cirug\u00eda, seg\u00fan lo confirm\u00f3 \u00e9l mismo a trav\u00e9s de sus redes sociales, donde tambi\u00e9n agradeci\u00f3 los mensajes de [&hellip;]<\/p>\n","protected":false},"author":1,"featured_media":98192,"comment_status":"closed","ping_status":"closed","sticky":false,"template":"","format":"standard","meta":{"footnotes":""},"categories":[39],"tags":[],"class_list":["post-98190","post","type-post","status-publish","format-standard","has-post-thumbnail","hentry","category-espectaculos"],"_links":{"self":[{"href":"https:\/\/elinformante.mx\/index.php?rest_route=\/wp\/v2\/posts\/98190","targetHints":{"allow":["GET"]}}],"collection":[{"href":"https:\/\/elinformante.mx\/index.php?rest_route=\/wp\/v2\/posts"}],"about":[{"href":"https:\/\/elinformante.mx\/index.php?rest_route=\/wp\/v2\/types\/post"}],"author":[{"embeddable":true,"href":"https:\/\/elinformante.mx\/index.php?rest_route=\/wp\/v2\/users\/1"}],"replies":[{"embeddable":true,"href":"https:\/\/elinformante.mx\/index.php?rest_route=%2Fwp%2Fv2%2Fcomments&post=98190"}],"version-history":[{"count":0,"href":"https:\/\/elinformante.mx\/index.php?rest_route=\/wp\/v2\/posts\/98190\/revisions"}],"wp:featuredmedia":[{"embeddable":true,"href":"https:\/\/elinformante.mx\/index.php?rest_route=\/wp\/v2\/media\/98192"}],"wp:attachment":[{"href":"https:\/\/elinformante.mx\/index.php?rest_route=%2Fwp%2Fv2%2Fmedia&parent=98190"}],"wp:term":[{"taxonomy":"category","embeddable":true,"href":"https:\/\/elinformante.mx\/index.php?rest_route=%2Fwp%2Fv2%2Fcategories&post=98190"},{"taxonomy":"post_tag","embeddable":true,"href":"https:\/\/elinformante.mx\/index.php?rest_route=%2Fwp%2Fv2%2Ftags&post=98190"}],"curies":[{"name":"wp","href":"https:\/\/api.w.org\/{rel}","templated":true}]}}