{"id":98196,"date":"2026-01-12T06:05:23","date_gmt":"2026-01-12T12:05:23","guid":{"rendered":"https:\/\/elinformante.mx\/?p=98196"},"modified":"2026-01-12T06:05:27","modified_gmt":"2026-01-12T12:05:27","slug":"laura-galvan-rompe-record-mexicano-en-el-medio-maraton-de-houston","status":"publish","type":"post","link":"https:\/\/elinformante.mx\/?p=98196","title":{"rendered":"Laura Galv\u00e1n rompe r\u00e9cord mexicano en el medio marat\u00f3n de Houston"},"content":{"rendered":"\n<figure class=\"wp-block-pullquote\"><blockquote><p>Este r\u00e9cord se mantuvo 23 a\u00f1os y fue impuesto por la mexiquense Adriana Fern\u00e1ndez en 2003.<\/p><\/blockquote><\/figure>\n\n\n\n<p class=\"has-drop-cap\">Contin\u00faa con paso firme la mexicana Laura Galv\u00e1n rumbo a los ol\u00edmpicos de Los \u00c1ngeles 2028 que inici\u00f3 con su participaci\u00f3n en la medio marat\u00f3n del Pac\u00edfico. Este fin de semana particip\u00f3 en el medio marat\u00f3n de Houston, donde logr\u00f3 nuevo r\u00e9cord mexicano al cronometrar un tiempo de 1:07:31, superando el tiempo de la mexiquense Adriana Fern\u00e1ndez desde el 2003 en Kioto con un tiempo de 1:09:28.<br><\/p>\n\n\n\n<p>Galv\u00e1n sigue demostrando el enorme momento que est\u00e1 viviendo, ahora 23 a\u00f1os despu\u00e9s supera el r\u00e9cord de Adriana Fern\u00e1ndez.<br><\/p>\n\n\n\n<p>Importante reconocer que la mejor marca de un medio marat\u00f3n pertenece a la et\u00edope Tsigie Gebreselama con una hora, 4 minutos y 21 segundos, sin embargo la mexicana demuestra que puede seguir mejorando sus tiempos.<br><\/p>\n\n\n\n<figure class=\"wp-block-image size-large\"><img fetchpriority=\"high\" decoding=\"async\" width=\"1024\" height=\"506\" src=\"https:\/\/elinformante.mx\/wp-content\/uploads\/2026\/01\/14laura-1024x506.jpg\" alt=\"\" class=\"wp-image-98200\" srcset=\"https:\/\/elinformante.mx\/wp-content\/uploads\/2026\/01\/14laura-1024x506.jpg 1024w, https:\/\/elinformante.mx\/wp-content\/uploads\/2026\/01\/14laura-300x148.jpg 300w, https:\/\/elinformante.mx\/wp-content\/uploads\/2026\/01\/14laura-768x379.jpg 768w, https:\/\/elinformante.mx\/wp-content\/uploads\/2026\/01\/14laura.jpg 1140w\" sizes=\"(max-width: 1024px) 100vw, 1024px\" \/><\/figure>\n\n\n\n<h2 class=\"wp-block-heading\">Laura supera una marca m\u00e1s en distintas pruebas, porque este r\u00e9cord se suma a los que ya tiene en los:<br><\/h2>\n\n\n\n<ul class=\"wp-block-list\">\n<li>1500m en 4:03.06<br><\/li>\n\n\n\n<li>3000m en 8:28.05<br><\/li>\n\n\n\n<li>3000m pista corta en 8:40.45<br><\/li>\n\n\n\n<li>5000m en 14:43.94<br><\/li>\n\n\n\n<li>10000m en 31:04.08<br><\/li>\n<\/ul>\n\n\n\n<p>Importante se\u00f1alar, que Olga \u00c1valos dej\u00f3 una marca bestial de 1:08:34 en Tokio \u201893 (la mejor hecha por una mexicana, aunque no se homolog\u00f3 por el desnivel).<br><\/p>\n\n\n\n<p>Para los expertos en atletismo, Laura podr\u00eda haber registrado un tiempo de 1:08 de acuerdo con su historial, pero super\u00f3 las expectativas, y si mantiene el nivel, seguramente la prueba del Marat\u00f3n lo podr\u00eda realizar abajo de 2 horas 20.<\/p>\n","protected":false},"excerpt":{"rendered":"<p>Este r\u00e9cord se mantuvo 23 a\u00f1os y fue impuesto por la mexiquense Adriana Fern\u00e1ndez en 2003. Contin\u00faa con paso firme la mexicana Laura Galv\u00e1n rumbo a los ol\u00edmpicos de Los \u00c1ngeles 2028 que inici\u00f3 con su participaci\u00f3n en la medio marat\u00f3n del Pac\u00edfico. Este fin de semana particip\u00f3 en el medio marat\u00f3n de Houston, donde [&hellip;]<\/p>\n","protected":false},"author":1,"featured_media":98199,"comment_status":"closed","ping_status":"closed","sticky":false,"template":"","format":"standard","meta":{"footnotes":""},"categories":[38,30],"tags":[],"class_list":["post-98196","post","type-post","status-publish","format-standard","has-post-thumbnail","hentry","category-deportes","category-destacado"],"_links":{"self":[{"href":"https:\/\/elinformante.mx\/index.php?rest_route=\/wp\/v2\/posts\/98196","targetHints":{"allow":["GET"]}}],"collection":[{"href":"https:\/\/elinformante.mx\/index.php?rest_route=\/wp\/v2\/posts"}],"about":[{"href":"https:\/\/elinformante.mx\/index.php?rest_route=\/wp\/v2\/types\/post"}],"author":[{"embeddable":true,"href":"https:\/\/elinformante.mx\/index.php?rest_route=\/wp\/v2\/users\/1"}],"replies":[{"embeddable":true,"href":"https:\/\/elinformante.mx\/index.php?rest_route=%2Fwp%2Fv2%2Fcomments&post=98196"}],"version-history":[{"count":0,"href":"https:\/\/elinformante.mx\/index.php?rest_route=\/wp\/v2\/posts\/98196\/revisions"}],"wp:featuredmedia":[{"embeddable":true,"href":"https:\/\/elinformante.mx\/index.php?rest_route=\/wp\/v2\/media\/98199"}],"wp:attachment":[{"href":"https:\/\/elinformante.mx\/index.php?rest_route=%2Fwp%2Fv2%2Fmedia&parent=98196"}],"wp:term":[{"taxonomy":"category","embeddable":true,"href":"https:\/\/elinformante.mx\/index.php?rest_route=%2Fwp%2Fv2%2Fcategories&post=98196"},{"taxonomy":"post_tag","embeddable":true,"href":"https:\/\/elinformante.mx\/index.php?rest_route=%2Fwp%2Fv2%2Ftags&post=98196"}],"curies":[{"name":"wp","href":"https:\/\/api.w.org\/{rel}","templated":true}]}}