{"id":98206,"date":"2026-01-12T06:19:04","date_gmt":"2026-01-12T12:19:04","guid":{"rendered":"https:\/\/elinformante.mx\/?p=98206"},"modified":"2026-01-12T06:19:08","modified_gmt":"2026-01-12T12:19:08","slug":"fernando-flores-realiza-la-ruta-de-los-reyes-magos-2026-en-metepec","status":"publish","type":"post","link":"https:\/\/elinformante.mx\/?p=98206","title":{"rendered":"Fernando Flores realiza la Ruta de los Reyes Magos 2026 en Metepec"},"content":{"rendered":"\n<figure class=\"wp-block-pullquote\"><blockquote><p>-Durante el fin de semana ni\u00f1as y ni\u00f1os del municipio vivieron una jornada de alegr\u00eda.<\/p><\/blockquote><\/figure>\n\n\n\n<p class=\"has-drop-cap\">Durante el fin de semana, el ayuntamiento de Metepec, encabezado por el presidente municipal, Fernando Flores Fern\u00e1ndez, encabez\u00f3 la Ruta de los Reyes Magos 2026; acompa\u00f1ado por la presidente honoraria del DIF Metepec, Ira\u00ed Albarr\u00e1n, y gente del cabildo, llevaron a varios puntos esta iniciativa pensada para entregar alegr\u00eda a los ni\u00f1os del municipio.<br><\/p>\n\n\n\n<p>La Ruta de los Reyes Magos en Metepec, pensada no solo en la entrega de juguetes, dulces, adem\u00e1s de fomentar los momentos de convivencia familiar, convierte estos eventos en una verdadera fiesta que reafirma el compromiso de seguir trabajando cerca de la gente.<br><\/p>\n\n\n\n<p>Flores Fern\u00e1ndez y la presidenta del DIF Metepec compartieron de cerca y de manera directa con las familias; durante los eventos pudieron saludar a los protagonistas del momento: las y los peque\u00f1os. Se realizaron varias din\u00e1micas, todas pensadas y preparadas para ellos.<br><\/p>\n\n\n\n<p>La Ruta de los Reyes Magos 2026 inici\u00f3 en San Jer\u00f3nimo Chicahualco, donde se dio el banderazo inicial a esta serie de convivencias. Ah\u00ed hubo pizza, rosca de Reyes, dulces, juguetes, rifas y hasta bicicletas.<br><\/p>\n\n\n\n<p>Rancho San Lucas, Infonavit San Francisco, Los Izcallis fueron las siguientes paradas en donde las ni\u00f1as y los ni\u00f1os bailaron, cantaron y rieron a carcajadas. La entrega fue ordenada y llena de emoci\u00f3n, demostrando que cuando se comparte, se hace de coraz\u00f3n y en grande.<br><\/p>\n\n\n\n<p>El primer d\u00eda finaliz\u00f3 en la Plaza Ju\u00e1rez, donde 3 mil ni\u00f1as y ni\u00f1os se dieron cita para cantar, bailar y pasar una tarde llena de alegr\u00eda.<br><\/p>\n\n\n\n<p>Durante el segundo d\u00eda, se inici\u00f3 la ruta en la colonia Jorge Jim\u00e9nez Cant\u00fa, donde los Reyes Magos llegaron bien cumplidos con pizza, rosca, juguetes y hasta bicicletas.<br><\/p>\n\n\n\n<p>La colonia Magdalena Ocotitl\u00e1n, Infonavit San Gabriel, San Lorenzo Coacalco, San Gaspar Tlahuelilpan fueron los siguientes puntos donde se comparti\u00f3 no solo con los ni\u00f1os; adem\u00e1s, se disfrut\u00f3 de un gran momento con las familias del barrio, llevando sorpresas para ni\u00f1as y ni\u00f1os, actividades, comida y la tradicional rosca que nos permiti\u00f3 convivir y celebrar juntos.<br><\/p>\n\n\n\n<p>Flores Fern\u00e1ndez recalc\u00f3 que estas acciones fortalecen el tejido social y recuerdan que trabajar por las familias es una tarea diaria. Ver las sonrisas de las ni\u00f1as y los ni\u00f1os es, sin duda, la mayor motivaci\u00f3n para seguir construyendo un Metepec m\u00e1s cercano, solidario y lleno de luz.<\/p>\n","protected":false},"excerpt":{"rendered":"<p>-Durante el fin de semana ni\u00f1as y ni\u00f1os del municipio vivieron una jornada de alegr\u00eda. Durante el fin de semana, el ayuntamiento de Metepec, encabezado por el presidente municipal, Fernando Flores Fern\u00e1ndez, encabez\u00f3 la Ruta de los Reyes Magos 2026; acompa\u00f1ado por la presidente honoraria del DIF Metepec, Ira\u00ed Albarr\u00e1n, y gente del cabildo, llevaron [&hellip;]<\/p>\n","protected":false},"author":1,"featured_media":98212,"comment_status":"closed","ping_status":"closed","sticky":false,"template":"","format":"standard","meta":{"footnotes":""},"categories":[36],"tags":[],"class_list":["post-98206","post","type-post","status-publish","format-standard","has-post-thumbnail","hentry","category-edomex"],"_links":{"self":[{"href":"https:\/\/elinformante.mx\/index.php?rest_route=\/wp\/v2\/posts\/98206","targetHints":{"allow":["GET"]}}],"collection":[{"href":"https:\/\/elinformante.mx\/index.php?rest_route=\/wp\/v2\/posts"}],"about":[{"href":"https:\/\/elinformante.mx\/index.php?rest_route=\/wp\/v2\/types\/post"}],"author":[{"embeddable":true,"href":"https:\/\/elinformante.mx\/index.php?rest_route=\/wp\/v2\/users\/1"}],"replies":[{"embeddable":true,"href":"https:\/\/elinformante.mx\/index.php?rest_route=%2Fwp%2Fv2%2Fcomments&post=98206"}],"version-history":[{"count":0,"href":"https:\/\/elinformante.mx\/index.php?rest_route=\/wp\/v2\/posts\/98206\/revisions"}],"wp:featuredmedia":[{"embeddable":true,"href":"https:\/\/elinformante.mx\/index.php?rest_route=\/wp\/v2\/media\/98212"}],"wp:attachment":[{"href":"https:\/\/elinformante.mx\/index.php?rest_route=%2Fwp%2Fv2%2Fmedia&parent=98206"}],"wp:term":[{"taxonomy":"category","embeddable":true,"href":"https:\/\/elinformante.mx\/index.php?rest_route=%2Fwp%2Fv2%2Fcategories&post=98206"},{"taxonomy":"post_tag","embeddable":true,"href":"https:\/\/elinformante.mx\/index.php?rest_route=%2Fwp%2Fv2%2Ftags&post=98206"}],"curies":[{"name":"wp","href":"https:\/\/api.w.org\/{rel}","templated":true}]}}