{"id":98208,"date":"2026-01-12T06:16:59","date_gmt":"2026-01-12T12:16:59","guid":{"rendered":"https:\/\/elinformante.mx\/?p=98208"},"modified":"2026-01-12T06:17:03","modified_gmt":"2026-01-12T12:17:03","slug":"encabeza-ramirez-ponce-el-xxxi-encuentro-fraternal-de-la-danza-de-los-arrieros-en-lerma","status":"publish","type":"post","link":"https:\/\/elinformante.mx\/?p=98208","title":{"rendered":"Encabeza Ram\u00edrez Ponce el XXXI Encuentro Fraternal de la Danza de los Arrieros en Lerma"},"content":{"rendered":"\n<figure class=\"wp-block-pullquote\"><blockquote><p>Destac\u00f3 que Lerma mantiene una apuesta permanente por la cultura y el deporte como ejes de transformaci\u00f3n social.<\/p><\/blockquote><\/figure>\n\n\n\n<p class=\"has-drop-cap\">El presidente municipal de Lerma, Miguel \u00c1ngel Ram\u00edrez Ponce, encabez\u00f3 la inauguraci\u00f3n del XXXI Encuentro Fraternal de la Danza de los Arrieros del Estado de M\u00e9xico y la Ciudad de M\u00e9xico que se llev\u00f3 a cabo en la comunidad de Santiago Analco.<br><\/p>\n\n\n\n<p>Ram\u00edrez Ponce destac\u00f3 que el municipio de Lerma mantiene una apuesta permanente por la cultura y el deporte como ejes de transformaci\u00f3n social.<br><\/p>\n\n\n\n<p>Se\u00f1al\u00f3 que en Santiago Analco y en Lerma en general se apuesta siempre a la cultura y al deporte, aspectos que tienen que ver mucho con la formaci\u00f3n de nuestra sociedad, expres\u00f3 ante danzantes, m\u00fasicos y asistentes.<br><\/p>\n\n\n\n<p>Subray\u00f3 el orgullo que representa para el municipio contar con destacados m\u00fasicos y agrupaciones de reconocimiento nacional e internacional, mencionando a integrantes de Sonoras como Xochicuautla, Maracaibo, Tepexana, Santanera y Dinamita, as\u00ed como a la Banda Hermanos Garc\u00eda de San Miguel Ameyalco, a quienes reconoci\u00f3 como embajadores culturales de Lerma.<br><\/p>\n\n\n\n<p>Resalt\u00f3 que estos espacios culturales permiten fortalecer el tejido social, rescatar a j\u00f3venes y brindarles alternativas positivas de desarrollo.<br><\/p>\n\n\n\n<figure class=\"wp-block-image size-large\"><img fetchpriority=\"high\" decoding=\"async\" width=\"1024\" height=\"506\" src=\"https:\/\/elinformante.mx\/wp-content\/uploads\/2026\/01\/12LERMA-2-1024x506.jpg\" alt=\"\" class=\"wp-image-98210\" srcset=\"https:\/\/elinformante.mx\/wp-content\/uploads\/2026\/01\/12LERMA-2-1024x506.jpg 1024w, https:\/\/elinformante.mx\/wp-content\/uploads\/2026\/01\/12LERMA-2-300x148.jpg 300w, https:\/\/elinformante.mx\/wp-content\/uploads\/2026\/01\/12LERMA-2-768x379.jpg 768w, https:\/\/elinformante.mx\/wp-content\/uploads\/2026\/01\/12LERMA-2.jpg 1140w\" sizes=\"(max-width: 1024px) 100vw, 1024px\" \/><\/figure>\n\n\n\n<p>Tambi\u00e9n hizo un llamado a disfrutar plenamente del encuentro fraterno, resaltando la importancia de generar alegr\u00eda y convivencia comunitaria.<br><\/p>\n\n\n\n<p>Durante el XXXI Encuentro Fraternal de la Danza de los Arrieros, se reunieron decenas de agrupaciones provenientes del Estado de M\u00e9xico y la Ciudad de M\u00e9xico, consolid\u00e1ndose como una de las expresiones culturales m\u00e1s representativas de la regi\u00f3n y como un homenaje a la historia de los arrieros y a los patronos religiosos, en especial San Bartolom\u00e9 Ap\u00f3stol.<br><\/p>\n\n\n\n<p>Durante el evento se cont\u00f3 con la participaci\u00f3n de m\u00e1s de 77 grupos de danza de arrieros, provenientes de 14 municipios del Estado de M\u00e9xico y tres delegaciones de la Ciudad de M\u00e9xico, teniendo como municipio anfitri\u00f3n a Lerma.<br><\/p>\n\n\n\n<p>Adem\u00e1s, participaron agrupaciones de Otzolotepec, Xonacatl\u00e1n, Toluca, Ocoyoacac, Huixquilucan, Tenango del Valle, Texcoco, Calimaya, Metepec, Chapultepec, Santiago Tianguistenco, Capulhuac y Xalatlaco, as\u00ed como las delegaciones capitalinas de Cuajimalpa, \u00c1lvaro Obreg\u00f3n y Tlalpan.<br><\/p>\n\n\n\n<p>El Gobierno Municipal de Lerma reafirma su compromiso con la preservaci\u00f3n de la identidad cultural, la promoci\u00f3n del talento local y el impulso a espacios de sana convivencia para las familias lermenses.<\/p>\n","protected":false},"excerpt":{"rendered":"<p>Destac\u00f3 que Lerma mantiene una apuesta permanente por la cultura y el deporte como ejes de transformaci\u00f3n social. El presidente municipal de Lerma, Miguel \u00c1ngel Ram\u00edrez Ponce, encabez\u00f3 la inauguraci\u00f3n del XXXI Encuentro Fraternal de la Danza de los Arrieros del Estado de M\u00e9xico y la Ciudad de M\u00e9xico que se llev\u00f3 a cabo en [&hellip;]<\/p>\n","protected":false},"author":1,"featured_media":98209,"comment_status":"closed","ping_status":"closed","sticky":false,"template":"","format":"standard","meta":{"footnotes":""},"categories":[30,36],"tags":[],"class_list":["post-98208","post","type-post","status-publish","format-standard","has-post-thumbnail","hentry","category-destacado","category-edomex"],"_links":{"self":[{"href":"https:\/\/elinformante.mx\/index.php?rest_route=\/wp\/v2\/posts\/98208","targetHints":{"allow":["GET"]}}],"collection":[{"href":"https:\/\/elinformante.mx\/index.php?rest_route=\/wp\/v2\/posts"}],"about":[{"href":"https:\/\/elinformante.mx\/index.php?rest_route=\/wp\/v2\/types\/post"}],"author":[{"embeddable":true,"href":"https:\/\/elinformante.mx\/index.php?rest_route=\/wp\/v2\/users\/1"}],"replies":[{"embeddable":true,"href":"https:\/\/elinformante.mx\/index.php?rest_route=%2Fwp%2Fv2%2Fcomments&post=98208"}],"version-history":[{"count":0,"href":"https:\/\/elinformante.mx\/index.php?rest_route=\/wp\/v2\/posts\/98208\/revisions"}],"wp:featuredmedia":[{"embeddable":true,"href":"https:\/\/elinformante.mx\/index.php?rest_route=\/wp\/v2\/media\/98209"}],"wp:attachment":[{"href":"https:\/\/elinformante.mx\/index.php?rest_route=%2Fwp%2Fv2%2Fmedia&parent=98208"}],"wp:term":[{"taxonomy":"category","embeddable":true,"href":"https:\/\/elinformante.mx\/index.php?rest_route=%2Fwp%2Fv2%2Fcategories&post=98208"},{"taxonomy":"post_tag","embeddable":true,"href":"https:\/\/elinformante.mx\/index.php?rest_route=%2Fwp%2Fv2%2Ftags&post=98208"}],"curies":[{"name":"wp","href":"https:\/\/api.w.org\/{rel}","templated":true}]}}